{"id":6990,"date":"2012-12-04T11:15:52","date_gmt":"2012-12-04T11:15:52","guid":{"rendered":"http:\/\/www.comparaonline.com\/prensa\/?p=6990"},"modified":"2017-10-06T13:44:06","modified_gmt":"2017-10-06T16:44:06","slug":"seguro-de-discapacidad-una-cobertura-que-se-expande","status":"publish","type":"post","link":"https:\/\/www.comparaonline.cl\/blog\/autos\/seguro-automotriz\/seguro-de-discapacidad-una-cobertura-que-se-expande\/","title":{"rendered":"Seguro de Discapacidad: Una cobertura que se expande"},"content":{"rendered":"<figure id=\"attachment_6992\" aria-describedby=\"caption-attachment-6992\" style=\"width: 332px\" class=\"wp-caption alignleft\"><a href=\"https:\/\/www.comparaonline.cl\/blog\/wp-content\/uploads\/2012\/12\/seguro-de-discapacidad.png\"><img loading='lazy' decoding='async' onerror='gen_methods.imageFailed(this)' loading=\"lazy\" decoding=\"async\" class=\"size-full wp-image-6992\" title=\"Seguro de Discapacidad\" alt=\"\" src=\"https:\/\/www.comparaonline.cl\/blog\/wp-content\/uploads\/2012\/12\/seguro-de-discapacidad.png\" width=\"332\" height=\"220\" \/><\/a><figcaption id=\"caption-attachment-6992\" class=\"wp-caption-text\">Este sector de la poblaci\u00f3n tambi\u00e9n puede asegurarse!<\/figcaption><\/figure>\n<p>Cada d\u00eda, las aseguradoras ofrecen nuevos tipos de coberturas para distintos tipos de clientes. Es as\u00ed como en los \u00faltimos a\u00f1os ha proliferado el<strong> Seguro de Discapacidad<\/strong>.<br \/>\nEste tipo de seguro, enfocado a las personas con alguna discapacidad temporal o permanente, ofrece diversas coberturas, especialmente en asuntos como gastos m\u00e9dicos y relacionados con el <strong><a title=\"Cotiza tu Seguro Automotriz\" href=\"https:\/\/www.comparaonline.cl\/seguro-automotriz\">Seguro Automotriz<\/a><\/strong>.<\/p>\n<p>De hecho, su relaci\u00f3n con el <strong>Seguro de Auto<\/strong> es fundamental, pues la integraci\u00f3n al sector automotriz es una de las barreras m\u00e1s grandes para las personas que tienen esta condici\u00f3n. En ese sentido, algunas <strong>compa\u00f1\u00edas<\/strong> han innovado en sus servicios, ofreciendo ayuda econ\u00f3mica para adaptar autom\u00f3viles y seguros convenientes para las personas con discapacidad.<\/p>\n<p>Esta nueva mirada de las aseguradoras para con las personas discapacitadas viene a derribar un viejo error del mercado: el de poner trabas burocr\u00e1ticas o sencillamente no asegurar a quienes padecen esta condici\u00f3n, pues se pensaba, err\u00f3neamente, que pod\u00edan ser conductores m\u00e1s peligrosos o pod\u00edan causar inconvenientes a sus acompa\u00f1antes.<\/p>\n<p>El <strong>Seguro Automotriz de Discapacidad<\/strong> no s\u00f3lo es para personas con esta condici\u00f3n desde su nacimiento o tras un accidente. Cabe destacar que las tasas de discapacidad aumentan con la edad, conforme la poblaci\u00f3n se va exponiendo a nuevos riesgos y problemas que pueden afectar a sus condiciones de salud, tales como enfermedades, trastornos y el propio envejecimiento en s\u00ed.<\/p>\n<p>Por lo tanto, un <strong>Seguro de Discapacidad<\/strong> servir\u00e1 tambi\u00e9n para cubrir a conductores de edad m\u00e1s avanzada que muestren desde problemas de vista u o\u00eddo, hasta discapacidades motrices u otro tipo de enfermedades.<\/p>\n<p>Lo m\u00e1s importante para encontrar estos beneficios para personas con Discapacidad es cotizar y comparar todo el mercado. En Compara podr\u00e1s encontrar las mejores ofertas de <strong><a title=\"Cotiza tu Seguro Automotriz\" href=\"https:\/\/www.comparaonline.cl\/seguro-automotriz\">Seguro Automotriz<\/a> <\/strong>y elegir los precios y coberturas m\u00e1s convenientes.<\/p>\n","protected":false},"excerpt":{"rendered":"<p>Por a\u00f1os, se tuvo la idea errada de que las personas con discapacidad no pod\u00edan asegurarse. Hoy el Seguro de Discapacidad es una realidad.<\/p>\n","protected":false},"author":45,"featured_media":0,"comment_status":"open","ping_status":"open","sticky":false,"template":"","format":"standard","meta":{"footnotes":""},"categories":[1277],"tags":[],"class_list":["post-6990","post","type-post","status-publish","format-standard","hentry","category-seguro-automotriz"],"yoast_head":"<!-- This site is optimized with the Yoast SEO plugin v26.9 - https:\/\/yoast.com\/product\/yoast-seo-wordpress\/ -->\n<title>Seguros - Seguro de Discapacidad: Una cobertura que se expande.<\/title>\n<meta name=\"description\" content=\"Por a\u00f1os, se tuvo la idea errada de que las personas con discapacidad no pod\u00edan asegurarse. Hoy el Seguro de Discapacidad es una realidad.\" \/>\n<meta name=\"robots\" content=\"index, follow, max-snippet:-1, max-image-preview:large, max-video-preview:-1\" \/>\n<link rel=\"canonical\" href=\"https:\/\/www.comparaonline.cl\/blog\/autos\/seguro-automotriz\/seguro-de-discapacidad-una-cobertura-que-se-expande\/\" \/>\n<meta property=\"og:locale\" content=\"es_ES\" \/>\n<meta property=\"og:type\" content=\"article\" \/>\n<meta property=\"og:title\" content=\"Seguros - Seguro de Discapacidad: Una cobertura que se expande.\" \/>\n<meta property=\"og:description\" content=\"Por a\u00f1os, se tuvo la idea errada de que las personas con discapacidad no pod\u00edan asegurarse. Hoy el Seguro de Discapacidad es una realidad.\" \/>\n<meta property=\"og:url\" content=\"https:\/\/www.comparaonline.cl\/blog\/amp\/autos\/seguro-automotriz\/seguro-de-discapacidad-una-cobertura-que-se-expande\/\" \/>\n<meta property=\"og:site_name\" content=\"ComparaOnline\" \/>\n<meta property=\"article:publisher\" content=\"https:\/\/www.facebook.com\/comparachile\/\" \/>\n<meta property=\"article:published_time\" content=\"2012-12-04T11:15:52+00:00\" \/>\n<meta property=\"article:modified_time\" content=\"2017-10-06T16:44:06+00:00\" \/>\n<meta property=\"og:image\" content=\"https:\/\/www.comparaonline.cl\/blog\/wp-content\/uploads\/2012\/12\/seguro-de-discapacidad.png\" \/>\n<meta name=\"author\" content=\"Clara Escobar\" \/>\n<meta name=\"twitter:card\" content=\"summary_large_image\" \/>\n<meta name=\"twitter:creator\" content=\"@compara_chile\" \/>\n<meta name=\"twitter:site\" content=\"@compara_chile\" \/>\n<meta name=\"twitter:label1\" content=\"Escrito por\" \/>\n\t<meta name=\"twitter:data1\" content=\"Clara Escobar\" \/>\n\t<meta name=\"twitter:label2\" content=\"Tiempo estimado de lectura\" \/>\n\t<meta name=\"twitter:data2\" content=\"2 minutos\" \/>\n<script type=\"application\/ld+json\" class=\"yoast-schema-graph\">{\"@context\":\"https:\/\/schema.org\",\"@graph\":[{\"@type\":\"Article\",\"@id\":\"https:\/\/www.comparaonline.cl\/blog\/amp\/autos\/seguro-automotriz\/seguro-de-discapacidad-una-cobertura-que-se-expande\/#article\",\"isPartOf\":{\"@id\":\"https:\/\/www.comparaonline.cl\/blog\/amp\/autos\/seguro-automotriz\/seguro-de-discapacidad-una-cobertura-que-se-expande\/\"},\"author\":{\"name\":\"Clara Escobar\",\"@id\":\"https:\/\/www.comparaonline.cl\/blog\/#\/schema\/person\/2f605442e15d63553e57ec9ee4b9a51f\"},\"headline\":\"Seguro de Discapacidad: Una cobertura que se expande\",\"datePublished\":\"2012-12-04T11:15:52+00:00\",\"dateModified\":\"2017-10-06T16:44:06+00:00\",\"mainEntityOfPage\":{\"@id\":\"https:\/\/www.comparaonline.cl\/blog\/amp\/autos\/seguro-automotriz\/seguro-de-discapacidad-una-cobertura-que-se-expande\/\"},\"wordCount\":341,\"commentCount\":0,\"publisher\":{\"@id\":\"https:\/\/www.comparaonline.cl\/blog\/#organization\"},\"image\":{\"@id\":\"https:\/\/www.comparaonline.cl\/blog\/amp\/autos\/seguro-automotriz\/seguro-de-discapacidad-una-cobertura-que-se-expande\/#primaryimage\"},\"thumbnailUrl\":\"https:\/\/www.comparaonline.cl\/blog\/wp-content\/uploads\/2012\/12\/seguro-de-discapacidad.png\",\"articleSection\":[\"Seguro Automotriz\"],\"inLanguage\":\"es-CL\",\"potentialAction\":[{\"@type\":\"CommentAction\",\"name\":\"Comment\",\"target\":[\"https:\/\/www.comparaonline.cl\/blog\/amp\/autos\/seguro-automotriz\/seguro-de-discapacidad-una-cobertura-que-se-expande\/#respond\"]}]},{\"@type\":\"WebPage\",\"@id\":\"https:\/\/www.comparaonline.cl\/blog\/amp\/autos\/seguro-automotriz\/seguro-de-discapacidad-una-cobertura-que-se-expande\/\",\"url\":\"https:\/\/www.comparaonline.cl\/blog\/amp\/autos\/seguro-automotriz\/seguro-de-discapacidad-una-cobertura-que-se-expande\/\",\"name\":\"Seguros - Seguro de Discapacidad: Una cobertura que se expande.\",\"isPartOf\":{\"@id\":\"https:\/\/www.comparaonline.cl\/blog\/#website\"},\"primaryImageOfPage\":{\"@id\":\"https:\/\/www.comparaonline.cl\/blog\/amp\/autos\/seguro-automotriz\/seguro-de-discapacidad-una-cobertura-que-se-expande\/#primaryimage\"},\"image\":{\"@id\":\"https:\/\/www.comparaonline.cl\/blog\/amp\/autos\/seguro-automotriz\/seguro-de-discapacidad-una-cobertura-que-se-expande\/#primaryimage\"},\"thumbnailUrl\":\"https:\/\/www.comparaonline.cl\/blog\/wp-content\/uploads\/2012\/12\/seguro-de-discapacidad.png\",\"datePublished\":\"2012-12-04T11:15:52+00:00\",\"dateModified\":\"2017-10-06T16:44:06+00:00\",\"description\":\"Por a\u00f1os, se tuvo la idea errada de que las personas con discapacidad no pod\u00edan asegurarse. Hoy el Seguro de Discapacidad es una realidad.\",\"inLanguage\":\"es-CL\",\"potentialAction\":[{\"@type\":\"ReadAction\",\"target\":[\"https:\/\/www.comparaonline.cl\/blog\/amp\/autos\/seguro-automotriz\/seguro-de-discapacidad-una-cobertura-que-se-expande\/\"]}]},{\"@type\":\"ImageObject\",\"inLanguage\":\"es-CL\",\"@id\":\"https:\/\/www.comparaonline.cl\/blog\/amp\/autos\/seguro-automotriz\/seguro-de-discapacidad-una-cobertura-que-se-expande\/#primaryimage\",\"url\":\"https:\/\/www.comparaonline.cl\/blog\/wp-content\/uploads\/2012\/12\/seguro-de-discapacidad.png\",\"contentUrl\":\"https:\/\/www.comparaonline.cl\/blog\/wp-content\/uploads\/2012\/12\/seguro-de-discapacidad.png\"},{\"@type\":\"WebSite\",\"@id\":\"https:\/\/www.comparaonline.cl\/blog\/#website\",\"url\":\"https:\/\/www.comparaonline.cl\/blog\/\",\"name\":\"ComparaOnline\",\"description\":\"Todo lo que necesitas saber sobre seguros y productos financieros\",\"publisher\":{\"@id\":\"https:\/\/www.comparaonline.cl\/blog\/#organization\"},\"potentialAction\":[{\"@type\":\"SearchAction\",\"target\":{\"@type\":\"EntryPoint\",\"urlTemplate\":\"https:\/\/www.comparaonline.cl\/blog\/?s={search_term_string}\"},\"query-input\":{\"@type\":\"PropertyValueSpecification\",\"valueRequired\":true,\"valueName\":\"search_term_string\"}}],\"inLanguage\":\"es-CL\"},{\"@type\":\"Organization\",\"@id\":\"https:\/\/www.comparaonline.cl\/blog\/#organization\",\"name\":\"Compara\",\"url\":\"https:\/\/www.comparaonline.cl\/blog\/\",\"logo\":{\"@type\":\"ImageObject\",\"inLanguage\":\"es-CL\",\"@id\":\"https:\/\/www.comparaonline.cl\/blog\/#\/schema\/logo\/image\/\",\"url\":\"https:\/\/www.comparaonline.cl\/blog-statics\/cl\/uploads\/2020\/02\/15814375758341.png\",\"contentUrl\":\"https:\/\/www.comparaonline.cl\/blog-statics\/cl\/uploads\/2020\/02\/15814375758341.png\",\"width\":161,\"height\":35,\"caption\":\"Compara\"},\"image\":{\"@id\":\"https:\/\/www.comparaonline.cl\/blog\/#\/schema\/logo\/image\/\"},\"sameAs\":[\"https:\/\/www.facebook.com\/comparachile\/\",\"https:\/\/x.com\/compara_chile\",\"https:\/\/www.instagram.com\/compara_chile\/\",\"https:\/\/www.linkedin.com\/company\/compara\/\",\"http:\/\/www.youtube.com\/c\/ComparaChile\"]},{\"@type\":\"Person\",\"@id\":\"https:\/\/www.comparaonline.cl\/blog\/#\/schema\/person\/2f605442e15d63553e57ec9ee4b9a51f\",\"name\":\"Clara Escobar\",\"image\":{\"@type\":\"ImageObject\",\"inLanguage\":\"es-CL\",\"@id\":\"https:\/\/www.comparaonline.cl\/blog\/#\/schema\/person\/image\/\",\"url\":\"https:\/\/www.comparaonline.cl\/blog-statics\/cl\/uploads\/2020\/02\/Clara-Escobar.jpg\",\"contentUrl\":\"https:\/\/www.comparaonline.cl\/blog-statics\/cl\/uploads\/2020\/02\/Clara-Escobar.jpg\",\"caption\":\"Clara Escobar\"},\"description\":\"Soy periodista y especialista en seguros, sobretodo si tienen que ver con el mundo automotriz. Los autos me gustan desde siempre y, por lo mismo estoy atenta a su mantenimiento y a las coberturas a considerar.\",\"sameAs\":[\"http:\/\/esteesunusuario.ge\/nerico\"],\"url\":\"https:\/\/www.comparaonline.cl\/blog\/author\/clara-escobar\/\"}]}<\/script>\n<!-- \/ Yoast SEO plugin. -->","yoast_head_json":{"title":"Seguros - Seguro de Discapacidad: Una cobertura que se expande.","description":"Por a\u00f1os, se tuvo la idea errada de que las personas con discapacidad no pod\u00edan asegurarse. Hoy el Seguro de Discapacidad es una realidad.","robots":{"index":"index","follow":"follow","max-snippet":"max-snippet:-1","max-image-preview":"max-image-preview:large","max-video-preview":"max-video-preview:-1"},"canonical":"https:\/\/www.comparaonline.cl\/blog\/autos\/seguro-automotriz\/seguro-de-discapacidad-una-cobertura-que-se-expande\/","og_locale":"es_ES","og_type":"article","og_title":"Seguros - Seguro de Discapacidad: Una cobertura que se expande.","og_description":"Por a\u00f1os, se tuvo la idea errada de que las personas con discapacidad no pod\u00edan asegurarse. Hoy el Seguro de Discapacidad es una realidad.","og_url":"https:\/\/www.comparaonline.cl\/blog\/amp\/autos\/seguro-automotriz\/seguro-de-discapacidad-una-cobertura-que-se-expande\/","og_site_name":"ComparaOnline","article_publisher":"https:\/\/www.facebook.com\/comparachile\/","article_published_time":"2012-12-04T11:15:52+00:00","article_modified_time":"2017-10-06T16:44:06+00:00","og_image":[{"url":"https:\/\/www.comparaonline.cl\/blog\/wp-content\/uploads\/2012\/12\/seguro-de-discapacidad.png","type":"","width":"","height":""}],"author":"Clara Escobar","twitter_card":"summary_large_image","twitter_creator":"@compara_chile","twitter_site":"@compara_chile","twitter_misc":{"Escrito por":"Clara Escobar","Tiempo estimado de lectura":"2 minutos"},"schema":{"@context":"https:\/\/schema.org","@graph":[{"@type":"Article","@id":"https:\/\/www.comparaonline.cl\/blog\/amp\/autos\/seguro-automotriz\/seguro-de-discapacidad-una-cobertura-que-se-expande\/#article","isPartOf":{"@id":"https:\/\/www.comparaonline.cl\/blog\/amp\/autos\/seguro-automotriz\/seguro-de-discapacidad-una-cobertura-que-se-expande\/"},"author":{"name":"Clara Escobar","@id":"https:\/\/www.comparaonline.cl\/blog\/#\/schema\/person\/2f605442e15d63553e57ec9ee4b9a51f"},"headline":"Seguro de Discapacidad: Una cobertura que se expande","datePublished":"2012-12-04T11:15:52+00:00","dateModified":"2017-10-06T16:44:06+00:00","mainEntityOfPage":{"@id":"https:\/\/www.comparaonline.cl\/blog\/amp\/autos\/seguro-automotriz\/seguro-de-discapacidad-una-cobertura-que-se-expande\/"},"wordCount":341,"commentCount":0,"publisher":{"@id":"https:\/\/www.comparaonline.cl\/blog\/#organization"},"image":{"@id":"https:\/\/www.comparaonline.cl\/blog\/amp\/autos\/seguro-automotriz\/seguro-de-discapacidad-una-cobertura-que-se-expande\/#primaryimage"},"thumbnailUrl":"https:\/\/www.comparaonline.cl\/blog\/wp-content\/uploads\/2012\/12\/seguro-de-discapacidad.png","articleSection":["Seguro Automotriz"],"inLanguage":"es-CL","potentialAction":[{"@type":"CommentAction","name":"Comment","target":["https:\/\/www.comparaonline.cl\/blog\/amp\/autos\/seguro-automotriz\/seguro-de-discapacidad-una-cobertura-que-se-expande\/#respond"]}]},{"@type":"WebPage","@id":"https:\/\/www.comparaonline.cl\/blog\/amp\/autos\/seguro-automotriz\/seguro-de-discapacidad-una-cobertura-que-se-expande\/","url":"https:\/\/www.comparaonline.cl\/blog\/amp\/autos\/seguro-automotriz\/seguro-de-discapacidad-una-cobertura-que-se-expande\/","name":"Seguros - Seguro de Discapacidad: Una cobertura que se expande.","isPartOf":{"@id":"https:\/\/www.comparaonline.cl\/blog\/#website"},"primaryImageOfPage":{"@id":"https:\/\/www.comparaonline.cl\/blog\/amp\/autos\/seguro-automotriz\/seguro-de-discapacidad-una-cobertura-que-se-expande\/#primaryimage"},"image":{"@id":"https:\/\/www.comparaonline.cl\/blog\/amp\/autos\/seguro-automotriz\/seguro-de-discapacidad-una-cobertura-que-se-expande\/#primaryimage"},"thumbnailUrl":"https:\/\/www.comparaonline.cl\/blog\/wp-content\/uploads\/2012\/12\/seguro-de-discapacidad.png","datePublished":"2012-12-04T11:15:52+00:00","dateModified":"2017-10-06T16:44:06+00:00","description":"Por a\u00f1os, se tuvo la idea errada de que las personas con discapacidad no pod\u00edan asegurarse. Hoy el Seguro de Discapacidad es una realidad.","inLanguage":"es-CL","potentialAction":[{"@type":"ReadAction","target":["https:\/\/www.comparaonline.cl\/blog\/amp\/autos\/seguro-automotriz\/seguro-de-discapacidad-una-cobertura-que-se-expande\/"]}]},{"@type":"ImageObject","inLanguage":"es-CL","@id":"https:\/\/www.comparaonline.cl\/blog\/amp\/autos\/seguro-automotriz\/seguro-de-discapacidad-una-cobertura-que-se-expande\/#primaryimage","url":"https:\/\/www.comparaonline.cl\/blog\/wp-content\/uploads\/2012\/12\/seguro-de-discapacidad.png","contentUrl":"https:\/\/www.comparaonline.cl\/blog\/wp-content\/uploads\/2012\/12\/seguro-de-discapacidad.png"},{"@type":"WebSite","@id":"https:\/\/www.comparaonline.cl\/blog\/#website","url":"https:\/\/www.comparaonline.cl\/blog\/","name":"ComparaOnline","description":"Todo lo que necesitas saber sobre seguros y productos financieros","publisher":{"@id":"https:\/\/www.comparaonline.cl\/blog\/#organization"},"potentialAction":[{"@type":"SearchAction","target":{"@type":"EntryPoint","urlTemplate":"https:\/\/www.comparaonline.cl\/blog\/?s={search_term_string}"},"query-input":{"@type":"PropertyValueSpecification","valueRequired":true,"valueName":"search_term_string"}}],"inLanguage":"es-CL"},{"@type":"Organization","@id":"https:\/\/www.comparaonline.cl\/blog\/#organization","name":"Compara","url":"https:\/\/www.comparaonline.cl\/blog\/","logo":{"@type":"ImageObject","inLanguage":"es-CL","@id":"https:\/\/www.comparaonline.cl\/blog\/#\/schema\/logo\/image\/","url":"https:\/\/www.comparaonline.cl\/blog-statics\/cl\/uploads\/2020\/02\/15814375758341.png","contentUrl":"https:\/\/www.comparaonline.cl\/blog-statics\/cl\/uploads\/2020\/02\/15814375758341.png","width":161,"height":35,"caption":"Compara"},"image":{"@id":"https:\/\/www.comparaonline.cl\/blog\/#\/schema\/logo\/image\/"},"sameAs":["https:\/\/www.facebook.com\/comparachile\/","https:\/\/x.com\/compara_chile","https:\/\/www.instagram.com\/compara_chile\/","https:\/\/www.linkedin.com\/company\/compara\/","http:\/\/www.youtube.com\/c\/ComparaChile"]},{"@type":"Person","@id":"https:\/\/www.comparaonline.cl\/blog\/#\/schema\/person\/2f605442e15d63553e57ec9ee4b9a51f","name":"Clara Escobar","image":{"@type":"ImageObject","inLanguage":"es-CL","@id":"https:\/\/www.comparaonline.cl\/blog\/#\/schema\/person\/image\/","url":"https:\/\/www.comparaonline.cl\/blog-statics\/cl\/uploads\/2020\/02\/Clara-Escobar.jpg","contentUrl":"https:\/\/www.comparaonline.cl\/blog-statics\/cl\/uploads\/2020\/02\/Clara-Escobar.jpg","caption":"Clara Escobar"},"description":"Soy periodista y especialista en seguros, sobretodo si tienen que ver con el mundo automotriz. Los autos me gustan desde siempre y, por lo mismo estoy atenta a su mantenimiento y a las coberturas a considerar.","sameAs":["http:\/\/esteesunusuario.ge\/nerico"],"url":"https:\/\/www.comparaonline.cl\/blog\/author\/clara-escobar\/"}]}},"_links":{"self":[{"href":"https:\/\/www.comparaonline.cl\/blog\/wp-json\/wp\/v2\/posts\/6990","targetHints":{"allow":["GET"]}}],"collection":[{"href":"https:\/\/www.comparaonline.cl\/blog\/wp-json\/wp\/v2\/posts"}],"about":[{"href":"https:\/\/www.comparaonline.cl\/blog\/wp-json\/wp\/v2\/types\/post"}],"author":[{"embeddable":true,"href":"https:\/\/www.comparaonline.cl\/blog\/wp-json\/wp\/v2\/users\/45"}],"replies":[{"embeddable":true,"href":"https:\/\/www.comparaonline.cl\/blog\/wp-json\/wp\/v2\/comments?post=6990"}],"version-history":[{"count":0,"href":"https:\/\/www.comparaonline.cl\/blog\/wp-json\/wp\/v2\/posts\/6990\/revisions"}],"wp:attachment":[{"href":"https:\/\/www.comparaonline.cl\/blog\/wp-json\/wp\/v2\/media?parent=6990"}],"wp:term":[{"taxonomy":"category","embeddable":true,"href":"https:\/\/www.comparaonline.cl\/blog\/wp-json\/wp\/v2\/categories?post=6990"},{"taxonomy":"post_tag","embeddable":true,"href":"https:\/\/www.comparaonline.cl\/blog\/wp-json\/wp\/v2\/tags?post=6990"}],"curies":[{"name":"wp","href":"https:\/\/api.w.org\/{rel}","templated":true}]}}