{"id":5802,"date":"2011-07-22T09:47:57","date_gmt":"2011-07-22T09:47:57","guid":{"rendered":"http:\/\/www.comparaonline.com\/prensa\/?p=5802"},"modified":"2017-10-06T13:44:28","modified_gmt":"2017-10-06T16:44:28","slug":"opel-astra-gtc-2012-pronto-en-chile","status":"publish","type":"post","link":"https:\/\/www.comparaonline.cl\/blog\/autos\/seguro-automotriz\/opel-astra-gtc-2012-pronto-en-chile\/","title":{"rendered":"Opel Astra GTC 2012: Pronto en Chile"},"content":{"rendered":"<figure id=\"attachment_5808\" aria-describedby=\"caption-attachment-5808\" style=\"width: 332px\" class=\"wp-caption alignleft\"><a href=\"https:\/\/www.comparaonline.cl\/blog\/wp-content\/uploads\/2011\/07\/opel-astra-2012.jpg\"><img loading='lazy' decoding='async' onerror='gen_methods.imageFailed(this)' loading=\"lazy\" decoding=\"async\" class=\"size-full wp-image-5808\" title=\"Opel Astra 2012\" src=\"https:\/\/www.comparaonline.cl\/blog\/wp-content\/uploads\/2011\/07\/opel-astra-2012.jpg\" alt=\"Opel Astra 2012\" width=\"332\" height=\"220\" \/><\/a><figcaption id=\"caption-attachment-5808\" class=\"wp-caption-text\">Opel Astra 2012.<\/figcaption><\/figure>\n<p>Opel nos adelanta nuevas im\u00e1genes y datos de su renovada apuesta deportiva, el Astra GTC 2012,\u00a0 uno de sus productos estrella para el pr\u00f3ximo Sal\u00f3n del Autom\u00f3vil de Frankfurt que se celebrar\u00e1 en septiembre. Se trata de la versi\u00f3n tres puertas de la cuarta generaci\u00f3n, tambi\u00e9n conocido como Astra J y que hizo su debut mundial en el mismo\u00a0 Sal\u00f3n del Autom\u00f3vil de Frankfurt en 2009.<\/p>\n<p>Las suspensiones se han rebajado 15 mm en altura y el ancho de v\u00edas ha crecido 40 mm en el eje delantero y otros 30 mm en el trasero, adem\u00e1s la distancia entre ejes tambi\u00e9n ha crecido ligeramente lo que mejora la est\u00e9tica del modelo y su estabilidad en carretera.\u00a0 Opel monta en el Astra GTC la misma suspensi\u00f3n delantera que en el Insignia OPC. Esto unido a la suspensi\u00f3n adaptativa FlexRide\u00a0 proporcionan un mayor agarre, mejor respuesta de la direcci\u00f3n y sensaciones m\u00e1s deportivas al volante.<\/p>\n<p>El nuevo Opel Astra GTC se ofrecer\u00e1 con tres posibles motorizaciones, que incluyen dos motores de gasolina turboalimentados y un di\u00e9sel, tambi\u00e9n turboalimentado; con un abanico de potencias que van desde los 140 CV del acceso a la gama hasta los 180 CV del m\u00e1s deportivo. El Opel Astra GTC m\u00e1s potente, al menos hasta que llegue la versi\u00f3n OPC, ser\u00e1 un 1.6 Turbo de 180 CV, acoplado a una caja de cambios de seis marchas y capaz de alcanzar los 220 km\/h.<\/p>\n<p>El motor movido por Di\u00e9sel es una actualizaci\u00f3n del 2.0 CDTi con 165 CV y un par m\u00e1ximo de 380 Nm. Sus consumos homologados en circuito mixto son de 4,9 litros a los 100 kil\u00f3metros y sus emisiones de CO2 se sit\u00faan en los 129 g\/km. El propulsor va acoplado a un cambio manual de seis relaciones que le permiten pasar de 0 a 100 km\/h en 8,9 segundos y alcanzar 210 km\/h de velocidad m\u00e1xima.<\/p>\n<p>Los modelos movidos por motor de gasolina montan dos versiones del propulsor 1.4 Turbo, con potencias de 120 y 140 CV. Tambi\u00e9n est\u00e1n asociados a una transmisi\u00f3n manual de seis relaciones y el consumo mixto en el mejor de los casos ser\u00e1 de 5,9 litros. De serie estar\u00e1n equipados con el sistema de parada y arranque autom\u00e1ticos.<br \/>\nAlgunas novedades en el interior del Astra GTC son su volante deportivo, asientos delanteros ajustables que ofrecen una mayor sujeci\u00f3n, adem\u00e1s de nuevos tapizados en los que se combina el cuero y la nappa.<\/p>\n<p>Si est\u00e1s esper\u00e1ndolo y quieres adquirirlo, entonces cu\u00eddalo. <a title=\"seguro automotriz\" href=\"https:\/\/www.comparaonline.cl\/seguro-automotriz\">Cotiza tu seguro automotriz online<\/a>, s\u00f3lo te tomar\u00e1 2 minutos: compara aseguradoras y<strong><a title=\"Seguro automotriz, mejor seguro\" href=\"https:\/\/www.comparaonline.cl\/seguro-automotriz\/mejor-seguro\" target=\"_blank\"> compra al mejor precio del mercado<\/a><\/strong>.<\/p>\n","protected":false},"excerpt":{"rendered":"<p>Llega a nuestro pa\u00eds a finales de a\u00f1o.<\/p>\n","protected":false},"author":45,"featured_media":0,"comment_status":"open","ping_status":"open","sticky":false,"template":"","format":"standard","meta":{"footnotes":""},"categories":[1277],"tags":[],"class_list":["post-5802","post","type-post","status-publish","format-standard","hentry","category-seguro-automotriz"],"yoast_head":"<!-- This site is optimized with the Yoast SEO plugin v26.9 - https:\/\/yoast.com\/product\/yoast-seo-wordpress\/ -->\n<title>Opel Astra GTC 2012: Pronto en Chile<\/title>\n<meta name=\"description\" content=\"Opel nos adelanta nuevas im\u00e1genes y datos de su renovada apuesta deportiva, el Astra GTC 2012...\" \/>\n<meta name=\"robots\" content=\"index, follow, max-snippet:-1, max-image-preview:large, max-video-preview:-1\" \/>\n<link rel=\"canonical\" href=\"https:\/\/www.comparaonline.cl\/blog\/autos\/seguro-automotriz\/opel-astra-gtc-2012-pronto-en-chile\/\" \/>\n<meta property=\"og:locale\" content=\"es_ES\" \/>\n<meta property=\"og:type\" content=\"article\" \/>\n<meta property=\"og:title\" content=\"Opel Astra GTC 2012: Pronto en Chile\" \/>\n<meta property=\"og:description\" content=\"Opel nos adelanta nuevas im\u00e1genes y datos de su renovada apuesta deportiva, el Astra GTC 2012...\" \/>\n<meta property=\"og:url\" content=\"https:\/\/www.comparaonline.cl\/blog\/amp\/autos\/seguro-automotriz\/opel-astra-gtc-2012-pronto-en-chile\/\" \/>\n<meta property=\"og:site_name\" content=\"ComparaOnline\" \/>\n<meta property=\"article:publisher\" content=\"https:\/\/www.facebook.com\/comparachile\/\" \/>\n<meta property=\"article:published_time\" content=\"2011-07-22T09:47:57+00:00\" \/>\n<meta property=\"article:modified_time\" content=\"2017-10-06T16:44:28+00:00\" \/>\n<meta property=\"og:image\" content=\"https:\/\/www.comparaonline.cl\/blog\/wp-content\/uploads\/2011\/07\/opel-astra-2012.jpg\" \/>\n<meta name=\"author\" content=\"Clara Escobar\" \/>\n<meta name=\"twitter:card\" content=\"summary_large_image\" \/>\n<meta name=\"twitter:creator\" content=\"@compara_chile\" \/>\n<meta name=\"twitter:site\" content=\"@compara_chile\" \/>\n<meta name=\"twitter:label1\" content=\"Escrito por\" \/>\n\t<meta name=\"twitter:data1\" content=\"Clara Escobar\" \/>\n\t<meta name=\"twitter:label2\" content=\"Tiempo estimado de lectura\" \/>\n\t<meta name=\"twitter:data2\" content=\"2 minutos\" \/>\n<script type=\"application\/ld+json\" class=\"yoast-schema-graph\">{\"@context\":\"https:\/\/schema.org\",\"@graph\":[{\"@type\":\"Article\",\"@id\":\"https:\/\/www.comparaonline.cl\/blog\/amp\/autos\/seguro-automotriz\/opel-astra-gtc-2012-pronto-en-chile\/#article\",\"isPartOf\":{\"@id\":\"https:\/\/www.comparaonline.cl\/blog\/amp\/autos\/seguro-automotriz\/opel-astra-gtc-2012-pronto-en-chile\/\"},\"author\":{\"name\":\"Clara Escobar\",\"@id\":\"https:\/\/www.comparaonline.cl\/blog\/#\/schema\/person\/2f605442e15d63553e57ec9ee4b9a51f\"},\"headline\":\"Opel Astra GTC 2012: Pronto en Chile\",\"datePublished\":\"2011-07-22T09:47:57+00:00\",\"dateModified\":\"2017-10-06T16:44:28+00:00\",\"mainEntityOfPage\":{\"@id\":\"https:\/\/www.comparaonline.cl\/blog\/amp\/autos\/seguro-automotriz\/opel-astra-gtc-2012-pronto-en-chile\/\"},\"wordCount\":464,\"commentCount\":0,\"publisher\":{\"@id\":\"https:\/\/www.comparaonline.cl\/blog\/#organization\"},\"image\":{\"@id\":\"https:\/\/www.comparaonline.cl\/blog\/amp\/autos\/seguro-automotriz\/opel-astra-gtc-2012-pronto-en-chile\/#primaryimage\"},\"thumbnailUrl\":\"https:\/\/www.comparaonline.cl\/blog\/wp-content\/uploads\/2011\/07\/opel-astra-2012.jpg\",\"articleSection\":[\"Seguro Automotriz\"],\"inLanguage\":\"es-CL\",\"potentialAction\":[{\"@type\":\"CommentAction\",\"name\":\"Comment\",\"target\":[\"https:\/\/www.comparaonline.cl\/blog\/amp\/autos\/seguro-automotriz\/opel-astra-gtc-2012-pronto-en-chile\/#respond\"]}]},{\"@type\":\"WebPage\",\"@id\":\"https:\/\/www.comparaonline.cl\/blog\/amp\/autos\/seguro-automotriz\/opel-astra-gtc-2012-pronto-en-chile\/\",\"url\":\"https:\/\/www.comparaonline.cl\/blog\/amp\/autos\/seguro-automotriz\/opel-astra-gtc-2012-pronto-en-chile\/\",\"name\":\"Opel Astra GTC 2012: Pronto en Chile\",\"isPartOf\":{\"@id\":\"https:\/\/www.comparaonline.cl\/blog\/#website\"},\"primaryImageOfPage\":{\"@id\":\"https:\/\/www.comparaonline.cl\/blog\/amp\/autos\/seguro-automotriz\/opel-astra-gtc-2012-pronto-en-chile\/#primaryimage\"},\"image\":{\"@id\":\"https:\/\/www.comparaonline.cl\/blog\/amp\/autos\/seguro-automotriz\/opel-astra-gtc-2012-pronto-en-chile\/#primaryimage\"},\"thumbnailUrl\":\"https:\/\/www.comparaonline.cl\/blog\/wp-content\/uploads\/2011\/07\/opel-astra-2012.jpg\",\"datePublished\":\"2011-07-22T09:47:57+00:00\",\"dateModified\":\"2017-10-06T16:44:28+00:00\",\"description\":\"Opel nos adelanta nuevas im\u00e1genes y datos de su renovada apuesta deportiva, el Astra GTC 2012...\",\"inLanguage\":\"es-CL\",\"potentialAction\":[{\"@type\":\"ReadAction\",\"target\":[\"https:\/\/www.comparaonline.cl\/blog\/amp\/autos\/seguro-automotriz\/opel-astra-gtc-2012-pronto-en-chile\/\"]}]},{\"@type\":\"ImageObject\",\"inLanguage\":\"es-CL\",\"@id\":\"https:\/\/www.comparaonline.cl\/blog\/amp\/autos\/seguro-automotriz\/opel-astra-gtc-2012-pronto-en-chile\/#primaryimage\",\"url\":\"https:\/\/www.comparaonline.cl\/blog\/wp-content\/uploads\/2011\/07\/opel-astra-2012.jpg\",\"contentUrl\":\"https:\/\/www.comparaonline.cl\/blog\/wp-content\/uploads\/2011\/07\/opel-astra-2012.jpg\"},{\"@type\":\"WebSite\",\"@id\":\"https:\/\/www.comparaonline.cl\/blog\/#website\",\"url\":\"https:\/\/www.comparaonline.cl\/blog\/\",\"name\":\"ComparaOnline\",\"description\":\"Todo lo que necesitas saber sobre seguros y productos financieros\",\"publisher\":{\"@id\":\"https:\/\/www.comparaonline.cl\/blog\/#organization\"},\"potentialAction\":[{\"@type\":\"SearchAction\",\"target\":{\"@type\":\"EntryPoint\",\"urlTemplate\":\"https:\/\/www.comparaonline.cl\/blog\/?s={search_term_string}\"},\"query-input\":{\"@type\":\"PropertyValueSpecification\",\"valueRequired\":true,\"valueName\":\"search_term_string\"}}],\"inLanguage\":\"es-CL\"},{\"@type\":\"Organization\",\"@id\":\"https:\/\/www.comparaonline.cl\/blog\/#organization\",\"name\":\"Compara\",\"url\":\"https:\/\/www.comparaonline.cl\/blog\/\",\"logo\":{\"@type\":\"ImageObject\",\"inLanguage\":\"es-CL\",\"@id\":\"https:\/\/www.comparaonline.cl\/blog\/#\/schema\/logo\/image\/\",\"url\":\"https:\/\/www.comparaonline.cl\/blog-statics\/cl\/uploads\/2020\/02\/15814375758341.png\",\"contentUrl\":\"https:\/\/www.comparaonline.cl\/blog-statics\/cl\/uploads\/2020\/02\/15814375758341.png\",\"width\":161,\"height\":35,\"caption\":\"Compara\"},\"image\":{\"@id\":\"https:\/\/www.comparaonline.cl\/blog\/#\/schema\/logo\/image\/\"},\"sameAs\":[\"https:\/\/www.facebook.com\/comparachile\/\",\"https:\/\/x.com\/compara_chile\",\"https:\/\/www.instagram.com\/compara_chile\/\",\"https:\/\/www.linkedin.com\/company\/compara\/\",\"http:\/\/www.youtube.com\/c\/ComparaChile\"]},{\"@type\":\"Person\",\"@id\":\"https:\/\/www.comparaonline.cl\/blog\/#\/schema\/person\/2f605442e15d63553e57ec9ee4b9a51f\",\"name\":\"Clara Escobar\",\"image\":{\"@type\":\"ImageObject\",\"inLanguage\":\"es-CL\",\"@id\":\"https:\/\/www.comparaonline.cl\/blog\/#\/schema\/person\/image\/\",\"url\":\"https:\/\/www.comparaonline.cl\/blog-statics\/cl\/uploads\/2020\/02\/Clara-Escobar.jpg\",\"contentUrl\":\"https:\/\/www.comparaonline.cl\/blog-statics\/cl\/uploads\/2020\/02\/Clara-Escobar.jpg\",\"caption\":\"Clara Escobar\"},\"description\":\"Soy periodista y especialista en seguros, sobretodo si tienen que ver con el mundo automotriz. Los autos me gustan desde siempre y, por lo mismo estoy atenta a su mantenimiento y a las coberturas a considerar.\",\"sameAs\":[\"http:\/\/esteesunusuario.ge\/nerico\"],\"url\":\"https:\/\/www.comparaonline.cl\/blog\/author\/clara-escobar\/\"}]}<\/script>\n<!-- \/ Yoast SEO plugin. -->","yoast_head_json":{"title":"Opel Astra GTC 2012: Pronto en Chile","description":"Opel nos adelanta nuevas im\u00e1genes y datos de su renovada apuesta deportiva, el Astra GTC 2012...","robots":{"index":"index","follow":"follow","max-snippet":"max-snippet:-1","max-image-preview":"max-image-preview:large","max-video-preview":"max-video-preview:-1"},"canonical":"https:\/\/www.comparaonline.cl\/blog\/autos\/seguro-automotriz\/opel-astra-gtc-2012-pronto-en-chile\/","og_locale":"es_ES","og_type":"article","og_title":"Opel Astra GTC 2012: Pronto en Chile","og_description":"Opel nos adelanta nuevas im\u00e1genes y datos de su renovada apuesta deportiva, el Astra GTC 2012...","og_url":"https:\/\/www.comparaonline.cl\/blog\/amp\/autos\/seguro-automotriz\/opel-astra-gtc-2012-pronto-en-chile\/","og_site_name":"ComparaOnline","article_publisher":"https:\/\/www.facebook.com\/comparachile\/","article_published_time":"2011-07-22T09:47:57+00:00","article_modified_time":"2017-10-06T16:44:28+00:00","og_image":[{"url":"https:\/\/www.comparaonline.cl\/blog\/wp-content\/uploads\/2011\/07\/opel-astra-2012.jpg","type":"","width":"","height":""}],"author":"Clara Escobar","twitter_card":"summary_large_image","twitter_creator":"@compara_chile","twitter_site":"@compara_chile","twitter_misc":{"Escrito por":"Clara Escobar","Tiempo estimado de lectura":"2 minutos"},"schema":{"@context":"https:\/\/schema.org","@graph":[{"@type":"Article","@id":"https:\/\/www.comparaonline.cl\/blog\/amp\/autos\/seguro-automotriz\/opel-astra-gtc-2012-pronto-en-chile\/#article","isPartOf":{"@id":"https:\/\/www.comparaonline.cl\/blog\/amp\/autos\/seguro-automotriz\/opel-astra-gtc-2012-pronto-en-chile\/"},"author":{"name":"Clara Escobar","@id":"https:\/\/www.comparaonline.cl\/blog\/#\/schema\/person\/2f605442e15d63553e57ec9ee4b9a51f"},"headline":"Opel Astra GTC 2012: Pronto en Chile","datePublished":"2011-07-22T09:47:57+00:00","dateModified":"2017-10-06T16:44:28+00:00","mainEntityOfPage":{"@id":"https:\/\/www.comparaonline.cl\/blog\/amp\/autos\/seguro-automotriz\/opel-astra-gtc-2012-pronto-en-chile\/"},"wordCount":464,"commentCount":0,"publisher":{"@id":"https:\/\/www.comparaonline.cl\/blog\/#organization"},"image":{"@id":"https:\/\/www.comparaonline.cl\/blog\/amp\/autos\/seguro-automotriz\/opel-astra-gtc-2012-pronto-en-chile\/#primaryimage"},"thumbnailUrl":"https:\/\/www.comparaonline.cl\/blog\/wp-content\/uploads\/2011\/07\/opel-astra-2012.jpg","articleSection":["Seguro Automotriz"],"inLanguage":"es-CL","potentialAction":[{"@type":"CommentAction","name":"Comment","target":["https:\/\/www.comparaonline.cl\/blog\/amp\/autos\/seguro-automotriz\/opel-astra-gtc-2012-pronto-en-chile\/#respond"]}]},{"@type":"WebPage","@id":"https:\/\/www.comparaonline.cl\/blog\/amp\/autos\/seguro-automotriz\/opel-astra-gtc-2012-pronto-en-chile\/","url":"https:\/\/www.comparaonline.cl\/blog\/amp\/autos\/seguro-automotriz\/opel-astra-gtc-2012-pronto-en-chile\/","name":"Opel Astra GTC 2012: Pronto en Chile","isPartOf":{"@id":"https:\/\/www.comparaonline.cl\/blog\/#website"},"primaryImageOfPage":{"@id":"https:\/\/www.comparaonline.cl\/blog\/amp\/autos\/seguro-automotriz\/opel-astra-gtc-2012-pronto-en-chile\/#primaryimage"},"image":{"@id":"https:\/\/www.comparaonline.cl\/blog\/amp\/autos\/seguro-automotriz\/opel-astra-gtc-2012-pronto-en-chile\/#primaryimage"},"thumbnailUrl":"https:\/\/www.comparaonline.cl\/blog\/wp-content\/uploads\/2011\/07\/opel-astra-2012.jpg","datePublished":"2011-07-22T09:47:57+00:00","dateModified":"2017-10-06T16:44:28+00:00","description":"Opel nos adelanta nuevas im\u00e1genes y datos de su renovada apuesta deportiva, el Astra GTC 2012...","inLanguage":"es-CL","potentialAction":[{"@type":"ReadAction","target":["https:\/\/www.comparaonline.cl\/blog\/amp\/autos\/seguro-automotriz\/opel-astra-gtc-2012-pronto-en-chile\/"]}]},{"@type":"ImageObject","inLanguage":"es-CL","@id":"https:\/\/www.comparaonline.cl\/blog\/amp\/autos\/seguro-automotriz\/opel-astra-gtc-2012-pronto-en-chile\/#primaryimage","url":"https:\/\/www.comparaonline.cl\/blog\/wp-content\/uploads\/2011\/07\/opel-astra-2012.jpg","contentUrl":"https:\/\/www.comparaonline.cl\/blog\/wp-content\/uploads\/2011\/07\/opel-astra-2012.jpg"},{"@type":"WebSite","@id":"https:\/\/www.comparaonline.cl\/blog\/#website","url":"https:\/\/www.comparaonline.cl\/blog\/","name":"ComparaOnline","description":"Todo lo que necesitas saber sobre seguros y productos financieros","publisher":{"@id":"https:\/\/www.comparaonline.cl\/blog\/#organization"},"potentialAction":[{"@type":"SearchAction","target":{"@type":"EntryPoint","urlTemplate":"https:\/\/www.comparaonline.cl\/blog\/?s={search_term_string}"},"query-input":{"@type":"PropertyValueSpecification","valueRequired":true,"valueName":"search_term_string"}}],"inLanguage":"es-CL"},{"@type":"Organization","@id":"https:\/\/www.comparaonline.cl\/blog\/#organization","name":"Compara","url":"https:\/\/www.comparaonline.cl\/blog\/","logo":{"@type":"ImageObject","inLanguage":"es-CL","@id":"https:\/\/www.comparaonline.cl\/blog\/#\/schema\/logo\/image\/","url":"https:\/\/www.comparaonline.cl\/blog-statics\/cl\/uploads\/2020\/02\/15814375758341.png","contentUrl":"https:\/\/www.comparaonline.cl\/blog-statics\/cl\/uploads\/2020\/02\/15814375758341.png","width":161,"height":35,"caption":"Compara"},"image":{"@id":"https:\/\/www.comparaonline.cl\/blog\/#\/schema\/logo\/image\/"},"sameAs":["https:\/\/www.facebook.com\/comparachile\/","https:\/\/x.com\/compara_chile","https:\/\/www.instagram.com\/compara_chile\/","https:\/\/www.linkedin.com\/company\/compara\/","http:\/\/www.youtube.com\/c\/ComparaChile"]},{"@type":"Person","@id":"https:\/\/www.comparaonline.cl\/blog\/#\/schema\/person\/2f605442e15d63553e57ec9ee4b9a51f","name":"Clara Escobar","image":{"@type":"ImageObject","inLanguage":"es-CL","@id":"https:\/\/www.comparaonline.cl\/blog\/#\/schema\/person\/image\/","url":"https:\/\/www.comparaonline.cl\/blog-statics\/cl\/uploads\/2020\/02\/Clara-Escobar.jpg","contentUrl":"https:\/\/www.comparaonline.cl\/blog-statics\/cl\/uploads\/2020\/02\/Clara-Escobar.jpg","caption":"Clara Escobar"},"description":"Soy periodista y especialista en seguros, sobretodo si tienen que ver con el mundo automotriz. Los autos me gustan desde siempre y, por lo mismo estoy atenta a su mantenimiento y a las coberturas a considerar.","sameAs":["http:\/\/esteesunusuario.ge\/nerico"],"url":"https:\/\/www.comparaonline.cl\/blog\/author\/clara-escobar\/"}]}},"_links":{"self":[{"href":"https:\/\/www.comparaonline.cl\/blog\/wp-json\/wp\/v2\/posts\/5802","targetHints":{"allow":["GET"]}}],"collection":[{"href":"https:\/\/www.comparaonline.cl\/blog\/wp-json\/wp\/v2\/posts"}],"about":[{"href":"https:\/\/www.comparaonline.cl\/blog\/wp-json\/wp\/v2\/types\/post"}],"author":[{"embeddable":true,"href":"https:\/\/www.comparaonline.cl\/blog\/wp-json\/wp\/v2\/users\/45"}],"replies":[{"embeddable":true,"href":"https:\/\/www.comparaonline.cl\/blog\/wp-json\/wp\/v2\/comments?post=5802"}],"version-history":[{"count":0,"href":"https:\/\/www.comparaonline.cl\/blog\/wp-json\/wp\/v2\/posts\/5802\/revisions"}],"wp:attachment":[{"href":"https:\/\/www.comparaonline.cl\/blog\/wp-json\/wp\/v2\/media?parent=5802"}],"wp:term":[{"taxonomy":"category","embeddable":true,"href":"https:\/\/www.comparaonline.cl\/blog\/wp-json\/wp\/v2\/categories?post=5802"},{"taxonomy":"post_tag","embeddable":true,"href":"https:\/\/www.comparaonline.cl\/blog\/wp-json\/wp\/v2\/tags?post=5802"}],"curies":[{"name":"wp","href":"https:\/\/api.w.org\/{rel}","templated":true}]}}