{"id":4923,"date":"2011-03-07T12:16:54","date_gmt":"2011-03-07T12:16:54","guid":{"rendered":"http:\/\/www.comparaonline.com\/prensa\/?p=4923"},"modified":"2017-10-06T13:45:14","modified_gmt":"2017-10-06T16:45:14","slug":"venta-de-automoviles-y-suv-crece-37-en-febrero","status":"publish","type":"post","link":"https:\/\/www.comparaonline.cl\/blog\/autos\/seguro-automotriz\/venta-de-automoviles-y-suv-crece-37-en-febrero\/","title":{"rendered":"Venta de autom\u00f3viles y SUV crece 37% en febrero"},"content":{"rendered":"<figure id=\"attachment_4924\" aria-describedby=\"caption-attachment-4924\" style=\"width: 332px\" class=\"wp-caption alignleft\"><a href=\"https:\/\/www.comparaonline.cl\/blog\/wp-content\/uploads\/2011\/03\/industria-automotriz.jpg\"><img loading='lazy' decoding='async' onerror='gen_methods.imageFailed(this)' loading=\"lazy\" decoding=\"async\" class=\"size-full wp-image-4924\" title=\"venta de autos\" src=\"https:\/\/www.comparaonline.cl\/blog\/wp-content\/uploads\/2011\/03\/industria-automotriz.jpg\" alt=\"Los pasajeros corresponden a un 55% de las ventas.\" width=\"332\" height=\"220\" \/><\/a><figcaption id=\"caption-attachment-4924\" class=\"wp-caption-text\">Los pasajeros corresponden a un 55% de las ventas.<\/figcaption><\/figure>\n<p>La <strong>Asociaci\u00f3n Nacional Automotriz de Chile (ANAC)<\/strong> inform\u00f3 que las ventas de veh\u00edculos livianos en el mes de febrero alcanzaron las 24.143 unidades, registrando un crecimiento de 37%, respecto del mismo mes del a\u00f1o anterior. Con esta cifra, se reporta una expansi\u00f3n de <strong>43% en los dos primeros meses de 2011.<\/strong><\/p>\n<p>Por otra parte, las ventas de febrero son 9% menores al promedio de los \u00faltimos seis meses, lo que es consistente con la tendencia hist\u00f3rica que experimentan las ventas de febrero por el periodo de vacaciones.<\/p>\n<p>La participaci\u00f3n de las ventas por segmento<strong> no presentan gran variaci\u00f3n respecto a las de el cierre del a\u00f1o 2010. <\/strong>De tal forma que los pasajeros corresponden a un 55% de las ventas del mercado, los SUV 19% y comerciales livianos, 26%.<\/p>\n<p>\u201cLas ventas de febrero est\u00e1n dentro del rango de la venta proyectada para un mes que hist\u00f3ricamente se ve influenciado por el periodo de vacaciones, por lo cual <strong>mantenemos las proyecciones realizadas para el a\u00f1o en curso de 325 mil unidades<\/strong>\u201d, se\u00f1ala Gustavo Castellanos, Secretario General de la Asociaci\u00f3n Nacional Automotriz de Chile, ANAC.<\/p>\n<p>Para estos nuevos autom\u00f3viles, el<a title=\"seguro automotriz\" href=\"https:\/\/www.comparaonline.cl\/seguro-automotriz\/form\/new\/\" target=\"_self\"> <strong>seguro automotriz<\/strong><\/a><strong> <\/strong>puede contratarse online en nuestro sitio. El beneficio es que los conductores pueden cotizar entre la mayor\u00eda de las ofertas del mercado y<strong> comprar el seguro m\u00e1s conveniente<\/strong> sin moverse de su casa u oficina.<\/p>\n","protected":false},"excerpt":{"rendered":"<p>Con esta cifra se reporta una expansi\u00f3n de 43% en los dos primeros meses de 2011.<\/p>\n","protected":false},"author":45,"featured_media":0,"comment_status":"open","ping_status":"open","sticky":false,"template":"","format":"standard","meta":{"footnotes":""},"categories":[1277],"tags":[],"class_list":["post-4923","post","type-post","status-publish","format-standard","hentry","category-seguro-automotriz"],"yoast_head":"<!-- This site is optimized with the Yoast SEO plugin v26.9 - https:\/\/yoast.com\/product\/yoast-seo-wordpress\/ -->\n<title>Venta de autom\u00f3viles y SUV crece 37% en febrero - ComparaOnline<\/title>\n<meta name=\"robots\" content=\"index, follow, max-snippet:-1, max-image-preview:large, max-video-preview:-1\" \/>\n<link rel=\"canonical\" href=\"https:\/\/www.comparaonline.cl\/blog\/autos\/seguro-automotriz\/venta-de-automoviles-y-suv-crece-37-en-febrero\/\" \/>\n<meta property=\"og:locale\" content=\"es_ES\" \/>\n<meta property=\"og:type\" content=\"article\" \/>\n<meta property=\"og:title\" content=\"Venta de autom\u00f3viles y SUV crece 37% en febrero - ComparaOnline\" \/>\n<meta property=\"og:description\" content=\"Con esta cifra se reporta una expansi\u00f3n de 43% en los dos primeros meses de 2011.\" \/>\n<meta property=\"og:url\" content=\"https:\/\/www.comparaonline.cl\/blog\/autos\/seguro-automotriz\/venta-de-automoviles-y-suv-crece-37-en-febrero\/\" \/>\n<meta property=\"og:site_name\" content=\"ComparaOnline\" \/>\n<meta property=\"article:publisher\" content=\"https:\/\/www.facebook.com\/comparachile\/\" \/>\n<meta property=\"article:published_time\" content=\"2011-03-07T12:16:54+00:00\" \/>\n<meta property=\"article:modified_time\" content=\"2017-10-06T16:45:14+00:00\" \/>\n<meta property=\"og:image\" content=\"https:\/\/www.comparaonline.cl\/blog\/wp-content\/uploads\/2011\/03\/industria-automotriz.jpg\" \/>\n<meta name=\"author\" content=\"Clara Escobar\" \/>\n<meta name=\"twitter:card\" content=\"summary_large_image\" \/>\n<meta name=\"twitter:creator\" content=\"@compara_chile\" \/>\n<meta name=\"twitter:site\" content=\"@compara_chile\" \/>\n<meta name=\"twitter:label1\" content=\"Escrito por\" \/>\n\t<meta name=\"twitter:data1\" content=\"Clara Escobar\" \/>\n\t<meta name=\"twitter:label2\" content=\"Tiempo estimado de lectura\" \/>\n\t<meta name=\"twitter:data2\" content=\"1 minuto\" \/>\n<script type=\"application\/ld+json\" class=\"yoast-schema-graph\">{\"@context\":\"https:\/\/schema.org\",\"@graph\":[{\"@type\":\"Article\",\"@id\":\"https:\/\/www.comparaonline.cl\/blog\/autos\/seguro-automotriz\/venta-de-automoviles-y-suv-crece-37-en-febrero\/#article\",\"isPartOf\":{\"@id\":\"https:\/\/www.comparaonline.cl\/blog\/autos\/seguro-automotriz\/venta-de-automoviles-y-suv-crece-37-en-febrero\/\"},\"author\":{\"name\":\"Clara Escobar\",\"@id\":\"https:\/\/www.comparaonline.cl\/blog\/#\/schema\/person\/2f605442e15d63553e57ec9ee4b9a51f\"},\"headline\":\"Venta de autom\u00f3viles y SUV crece 37% en febrero\",\"datePublished\":\"2011-03-07T12:16:54+00:00\",\"dateModified\":\"2017-10-06T16:45:14+00:00\",\"mainEntityOfPage\":{\"@id\":\"https:\/\/www.comparaonline.cl\/blog\/autos\/seguro-automotriz\/venta-de-automoviles-y-suv-crece-37-en-febrero\/\"},\"wordCount\":256,\"commentCount\":0,\"publisher\":{\"@id\":\"https:\/\/www.comparaonline.cl\/blog\/#organization\"},\"image\":{\"@id\":\"https:\/\/www.comparaonline.cl\/blog\/autos\/seguro-automotriz\/venta-de-automoviles-y-suv-crece-37-en-febrero\/#primaryimage\"},\"thumbnailUrl\":\"https:\/\/www.comparaonline.cl\/blog\/wp-content\/uploads\/2011\/03\/industria-automotriz.jpg\",\"articleSection\":[\"Seguro Automotriz\"],\"inLanguage\":\"es-CL\",\"potentialAction\":[{\"@type\":\"CommentAction\",\"name\":\"Comment\",\"target\":[\"https:\/\/www.comparaonline.cl\/blog\/autos\/seguro-automotriz\/venta-de-automoviles-y-suv-crece-37-en-febrero\/#respond\"]}]},{\"@type\":\"WebPage\",\"@id\":\"https:\/\/www.comparaonline.cl\/blog\/autos\/seguro-automotriz\/venta-de-automoviles-y-suv-crece-37-en-febrero\/\",\"url\":\"https:\/\/www.comparaonline.cl\/blog\/autos\/seguro-automotriz\/venta-de-automoviles-y-suv-crece-37-en-febrero\/\",\"name\":\"Venta de autom\u00f3viles y SUV crece 37% en febrero - ComparaOnline\",\"isPartOf\":{\"@id\":\"https:\/\/www.comparaonline.cl\/blog\/#website\"},\"primaryImageOfPage\":{\"@id\":\"https:\/\/www.comparaonline.cl\/blog\/autos\/seguro-automotriz\/venta-de-automoviles-y-suv-crece-37-en-febrero\/#primaryimage\"},\"image\":{\"@id\":\"https:\/\/www.comparaonline.cl\/blog\/autos\/seguro-automotriz\/venta-de-automoviles-y-suv-crece-37-en-febrero\/#primaryimage\"},\"thumbnailUrl\":\"https:\/\/www.comparaonline.cl\/blog\/wp-content\/uploads\/2011\/03\/industria-automotriz.jpg\",\"datePublished\":\"2011-03-07T12:16:54+00:00\",\"dateModified\":\"2017-10-06T16:45:14+00:00\",\"inLanguage\":\"es-CL\",\"potentialAction\":[{\"@type\":\"ReadAction\",\"target\":[\"https:\/\/www.comparaonline.cl\/blog\/autos\/seguro-automotriz\/venta-de-automoviles-y-suv-crece-37-en-febrero\/\"]}]},{\"@type\":\"ImageObject\",\"inLanguage\":\"es-CL\",\"@id\":\"https:\/\/www.comparaonline.cl\/blog\/autos\/seguro-automotriz\/venta-de-automoviles-y-suv-crece-37-en-febrero\/#primaryimage\",\"url\":\"https:\/\/www.comparaonline.cl\/blog\/wp-content\/uploads\/2011\/03\/industria-automotriz.jpg\",\"contentUrl\":\"https:\/\/www.comparaonline.cl\/blog\/wp-content\/uploads\/2011\/03\/industria-automotriz.jpg\"},{\"@type\":\"WebSite\",\"@id\":\"https:\/\/www.comparaonline.cl\/blog\/#website\",\"url\":\"https:\/\/www.comparaonline.cl\/blog\/\",\"name\":\"ComparaOnline\",\"description\":\"Todo lo que necesitas saber sobre seguros y productos financieros\",\"publisher\":{\"@id\":\"https:\/\/www.comparaonline.cl\/blog\/#organization\"},\"potentialAction\":[{\"@type\":\"SearchAction\",\"target\":{\"@type\":\"EntryPoint\",\"urlTemplate\":\"https:\/\/www.comparaonline.cl\/blog\/?s={search_term_string}\"},\"query-input\":{\"@type\":\"PropertyValueSpecification\",\"valueRequired\":true,\"valueName\":\"search_term_string\"}}],\"inLanguage\":\"es-CL\"},{\"@type\":\"Organization\",\"@id\":\"https:\/\/www.comparaonline.cl\/blog\/#organization\",\"name\":\"Compara\",\"url\":\"https:\/\/www.comparaonline.cl\/blog\/\",\"logo\":{\"@type\":\"ImageObject\",\"inLanguage\":\"es-CL\",\"@id\":\"https:\/\/www.comparaonline.cl\/blog\/#\/schema\/logo\/image\/\",\"url\":\"https:\/\/www.comparaonline.cl\/blog-statics\/cl\/uploads\/2020\/02\/15814375758341.png\",\"contentUrl\":\"https:\/\/www.comparaonline.cl\/blog-statics\/cl\/uploads\/2020\/02\/15814375758341.png\",\"width\":161,\"height\":35,\"caption\":\"Compara\"},\"image\":{\"@id\":\"https:\/\/www.comparaonline.cl\/blog\/#\/schema\/logo\/image\/\"},\"sameAs\":[\"https:\/\/www.facebook.com\/comparachile\/\",\"https:\/\/x.com\/compara_chile\",\"https:\/\/www.instagram.com\/compara_chile\/\",\"https:\/\/www.linkedin.com\/company\/compara\/\",\"http:\/\/www.youtube.com\/c\/ComparaChile\"]},{\"@type\":\"Person\",\"@id\":\"https:\/\/www.comparaonline.cl\/blog\/#\/schema\/person\/2f605442e15d63553e57ec9ee4b9a51f\",\"name\":\"Clara Escobar\",\"image\":{\"@type\":\"ImageObject\",\"inLanguage\":\"es-CL\",\"@id\":\"https:\/\/www.comparaonline.cl\/blog\/#\/schema\/person\/image\/\",\"url\":\"https:\/\/www.comparaonline.cl\/blog-statics\/cl\/uploads\/2020\/02\/Clara-Escobar.jpg\",\"contentUrl\":\"https:\/\/www.comparaonline.cl\/blog-statics\/cl\/uploads\/2020\/02\/Clara-Escobar.jpg\",\"caption\":\"Clara Escobar\"},\"description\":\"Soy periodista y especialista en seguros, sobretodo si tienen que ver con el mundo automotriz. Los autos me gustan desde siempre y, por lo mismo estoy atenta a su mantenimiento y a las coberturas a considerar.\",\"sameAs\":[\"http:\/\/esteesunusuario.ge\/nerico\"],\"url\":\"https:\/\/www.comparaonline.cl\/blog\/author\/clara-escobar\/\"}]}<\/script>\n<!-- \/ Yoast SEO plugin. -->","yoast_head_json":{"title":"Venta de autom\u00f3viles y SUV crece 37% en febrero - ComparaOnline","robots":{"index":"index","follow":"follow","max-snippet":"max-snippet:-1","max-image-preview":"max-image-preview:large","max-video-preview":"max-video-preview:-1"},"canonical":"https:\/\/www.comparaonline.cl\/blog\/autos\/seguro-automotriz\/venta-de-automoviles-y-suv-crece-37-en-febrero\/","og_locale":"es_ES","og_type":"article","og_title":"Venta de autom\u00f3viles y SUV crece 37% en febrero - ComparaOnline","og_description":"Con esta cifra se reporta una expansi\u00f3n de 43% en los dos primeros meses de 2011.","og_url":"https:\/\/www.comparaonline.cl\/blog\/autos\/seguro-automotriz\/venta-de-automoviles-y-suv-crece-37-en-febrero\/","og_site_name":"ComparaOnline","article_publisher":"https:\/\/www.facebook.com\/comparachile\/","article_published_time":"2011-03-07T12:16:54+00:00","article_modified_time":"2017-10-06T16:45:14+00:00","og_image":[{"url":"https:\/\/www.comparaonline.cl\/blog\/wp-content\/uploads\/2011\/03\/industria-automotriz.jpg","type":"","width":"","height":""}],"author":"Clara Escobar","twitter_card":"summary_large_image","twitter_creator":"@compara_chile","twitter_site":"@compara_chile","twitter_misc":{"Escrito por":"Clara Escobar","Tiempo estimado de lectura":"1 minuto"},"schema":{"@context":"https:\/\/schema.org","@graph":[{"@type":"Article","@id":"https:\/\/www.comparaonline.cl\/blog\/autos\/seguro-automotriz\/venta-de-automoviles-y-suv-crece-37-en-febrero\/#article","isPartOf":{"@id":"https:\/\/www.comparaonline.cl\/blog\/autos\/seguro-automotriz\/venta-de-automoviles-y-suv-crece-37-en-febrero\/"},"author":{"name":"Clara Escobar","@id":"https:\/\/www.comparaonline.cl\/blog\/#\/schema\/person\/2f605442e15d63553e57ec9ee4b9a51f"},"headline":"Venta de autom\u00f3viles y SUV crece 37% en febrero","datePublished":"2011-03-07T12:16:54+00:00","dateModified":"2017-10-06T16:45:14+00:00","mainEntityOfPage":{"@id":"https:\/\/www.comparaonline.cl\/blog\/autos\/seguro-automotriz\/venta-de-automoviles-y-suv-crece-37-en-febrero\/"},"wordCount":256,"commentCount":0,"publisher":{"@id":"https:\/\/www.comparaonline.cl\/blog\/#organization"},"image":{"@id":"https:\/\/www.comparaonline.cl\/blog\/autos\/seguro-automotriz\/venta-de-automoviles-y-suv-crece-37-en-febrero\/#primaryimage"},"thumbnailUrl":"https:\/\/www.comparaonline.cl\/blog\/wp-content\/uploads\/2011\/03\/industria-automotriz.jpg","articleSection":["Seguro Automotriz"],"inLanguage":"es-CL","potentialAction":[{"@type":"CommentAction","name":"Comment","target":["https:\/\/www.comparaonline.cl\/blog\/autos\/seguro-automotriz\/venta-de-automoviles-y-suv-crece-37-en-febrero\/#respond"]}]},{"@type":"WebPage","@id":"https:\/\/www.comparaonline.cl\/blog\/autos\/seguro-automotriz\/venta-de-automoviles-y-suv-crece-37-en-febrero\/","url":"https:\/\/www.comparaonline.cl\/blog\/autos\/seguro-automotriz\/venta-de-automoviles-y-suv-crece-37-en-febrero\/","name":"Venta de autom\u00f3viles y SUV crece 37% en febrero - ComparaOnline","isPartOf":{"@id":"https:\/\/www.comparaonline.cl\/blog\/#website"},"primaryImageOfPage":{"@id":"https:\/\/www.comparaonline.cl\/blog\/autos\/seguro-automotriz\/venta-de-automoviles-y-suv-crece-37-en-febrero\/#primaryimage"},"image":{"@id":"https:\/\/www.comparaonline.cl\/blog\/autos\/seguro-automotriz\/venta-de-automoviles-y-suv-crece-37-en-febrero\/#primaryimage"},"thumbnailUrl":"https:\/\/www.comparaonline.cl\/blog\/wp-content\/uploads\/2011\/03\/industria-automotriz.jpg","datePublished":"2011-03-07T12:16:54+00:00","dateModified":"2017-10-06T16:45:14+00:00","inLanguage":"es-CL","potentialAction":[{"@type":"ReadAction","target":["https:\/\/www.comparaonline.cl\/blog\/autos\/seguro-automotriz\/venta-de-automoviles-y-suv-crece-37-en-febrero\/"]}]},{"@type":"ImageObject","inLanguage":"es-CL","@id":"https:\/\/www.comparaonline.cl\/blog\/autos\/seguro-automotriz\/venta-de-automoviles-y-suv-crece-37-en-febrero\/#primaryimage","url":"https:\/\/www.comparaonline.cl\/blog\/wp-content\/uploads\/2011\/03\/industria-automotriz.jpg","contentUrl":"https:\/\/www.comparaonline.cl\/blog\/wp-content\/uploads\/2011\/03\/industria-automotriz.jpg"},{"@type":"WebSite","@id":"https:\/\/www.comparaonline.cl\/blog\/#website","url":"https:\/\/www.comparaonline.cl\/blog\/","name":"ComparaOnline","description":"Todo lo que necesitas saber sobre seguros y productos financieros","publisher":{"@id":"https:\/\/www.comparaonline.cl\/blog\/#organization"},"potentialAction":[{"@type":"SearchAction","target":{"@type":"EntryPoint","urlTemplate":"https:\/\/www.comparaonline.cl\/blog\/?s={search_term_string}"},"query-input":{"@type":"PropertyValueSpecification","valueRequired":true,"valueName":"search_term_string"}}],"inLanguage":"es-CL"},{"@type":"Organization","@id":"https:\/\/www.comparaonline.cl\/blog\/#organization","name":"Compara","url":"https:\/\/www.comparaonline.cl\/blog\/","logo":{"@type":"ImageObject","inLanguage":"es-CL","@id":"https:\/\/www.comparaonline.cl\/blog\/#\/schema\/logo\/image\/","url":"https:\/\/www.comparaonline.cl\/blog-statics\/cl\/uploads\/2020\/02\/15814375758341.png","contentUrl":"https:\/\/www.comparaonline.cl\/blog-statics\/cl\/uploads\/2020\/02\/15814375758341.png","width":161,"height":35,"caption":"Compara"},"image":{"@id":"https:\/\/www.comparaonline.cl\/blog\/#\/schema\/logo\/image\/"},"sameAs":["https:\/\/www.facebook.com\/comparachile\/","https:\/\/x.com\/compara_chile","https:\/\/www.instagram.com\/compara_chile\/","https:\/\/www.linkedin.com\/company\/compara\/","http:\/\/www.youtube.com\/c\/ComparaChile"]},{"@type":"Person","@id":"https:\/\/www.comparaonline.cl\/blog\/#\/schema\/person\/2f605442e15d63553e57ec9ee4b9a51f","name":"Clara Escobar","image":{"@type":"ImageObject","inLanguage":"es-CL","@id":"https:\/\/www.comparaonline.cl\/blog\/#\/schema\/person\/image\/","url":"https:\/\/www.comparaonline.cl\/blog-statics\/cl\/uploads\/2020\/02\/Clara-Escobar.jpg","contentUrl":"https:\/\/www.comparaonline.cl\/blog-statics\/cl\/uploads\/2020\/02\/Clara-Escobar.jpg","caption":"Clara Escobar"},"description":"Soy periodista y especialista en seguros, sobretodo si tienen que ver con el mundo automotriz. Los autos me gustan desde siempre y, por lo mismo estoy atenta a su mantenimiento y a las coberturas a considerar.","sameAs":["http:\/\/esteesunusuario.ge\/nerico"],"url":"https:\/\/www.comparaonline.cl\/blog\/author\/clara-escobar\/"}]}},"_links":{"self":[{"href":"https:\/\/www.comparaonline.cl\/blog\/wp-json\/wp\/v2\/posts\/4923","targetHints":{"allow":["GET"]}}],"collection":[{"href":"https:\/\/www.comparaonline.cl\/blog\/wp-json\/wp\/v2\/posts"}],"about":[{"href":"https:\/\/www.comparaonline.cl\/blog\/wp-json\/wp\/v2\/types\/post"}],"author":[{"embeddable":true,"href":"https:\/\/www.comparaonline.cl\/blog\/wp-json\/wp\/v2\/users\/45"}],"replies":[{"embeddable":true,"href":"https:\/\/www.comparaonline.cl\/blog\/wp-json\/wp\/v2\/comments?post=4923"}],"version-history":[{"count":0,"href":"https:\/\/www.comparaonline.cl\/blog\/wp-json\/wp\/v2\/posts\/4923\/revisions"}],"wp:attachment":[{"href":"https:\/\/www.comparaonline.cl\/blog\/wp-json\/wp\/v2\/media?parent=4923"}],"wp:term":[{"taxonomy":"category","embeddable":true,"href":"https:\/\/www.comparaonline.cl\/blog\/wp-json\/wp\/v2\/categories?post=4923"},{"taxonomy":"post_tag","embeddable":true,"href":"https:\/\/www.comparaonline.cl\/blog\/wp-json\/wp\/v2\/tags?post=4923"}],"curies":[{"name":"wp","href":"https:\/\/api.w.org\/{rel}","templated":true}]}}