{"id":4040,"date":"2010-10-04T17:09:27","date_gmt":"2010-10-04T17:09:27","guid":{"rendered":"http:\/\/www.comparaonline.com\/prensa\/?p=4040"},"modified":"2013-04-25T12:10:47","modified_gmt":"2013-04-25T12:10:47","slug":"tenemos-las-mejores-expectativas-para-este-salon-de-santiago","status":"publish","type":"post","link":"https:\/\/www.comparaonline.cl\/blog\/autos\/seguro-automotriz\/tenemos-las-mejores-expectativas-para-este-salon-de-santiago\/","title":{"rendered":"\u201cTenemos las mejores expectativas para este Sal\u00f3n de Santiago\u201d"},"content":{"rendered":"<p><strong> <\/strong><\/p>\n<figure id=\"attachment_4041\" aria-describedby=\"caption-attachment-4041\" style=\"width: 332px\" class=\"wp-caption alignleft\"><strong> <\/strong><strong><a href=\"https:\/\/www.comparaonline.cl\/blog\/wp-content\/uploads\/2010\/10\/gustavo-castellanos-secretario-general-anac.jpg\"><img loading='lazy' decoding='async' onerror='gen_methods.imageFailed(this)' loading=\"lazy\" decoding=\"async\" class=\"size-full wp-image-4041\" title=\"Gustavo Castellanos, Secretario General ANAC\" src=\"https:\/\/www.comparaonline.cl\/blog\/wp-content\/uploads\/2010\/10\/gustavo-castellanos-secretario-general-anac.jpg\" alt=\"Gustavo Castellanos, Secretario General ANAC. \" width=\"332\" height=\"220\" \/><\/a><\/strong><figcaption id=\"caption-attachment-4041\" class=\"wp-caption-text\">Gustavo Castellanos, Secretario General ANAC. <\/figcaption><\/figure>\n<p><strong>El XI Sal\u00f3n del Autom\u00f3vil de Santiago se acerca a pasos agigantados. <\/strong>Queda menos de un mes para que las marcas participantes presenten al p\u00fablico nacional las novedades que est\u00e1n preparando para sorprender y asombrar.<\/p>\n<p>Deslumbrantes <strong>modelos deportivos, elegantes autos Premium, veh\u00edculos innovadores que cuentan con las \u00faltimas tecnolog\u00edas en seguridad y en el cuidado del medio ambiente<\/strong>, ser\u00e1n algunas de las primicias que se dar\u00e1n a conocer en esta fiesta automotriz que se llevar\u00e1 a cabo entre el 21 de octubre y el 1 de noviembre en Espacio Riesco.<\/p>\n<p>En la Asociaci\u00f3n Nacional Automotriz de Chile, Anac, est\u00e1 todo listo para el evento y se sienten confiados en que el sal\u00f3n servir\u00e1 como vitrina al mundo y ayudar\u00e1 a que los chilenos aprecien la calidad del mercado nacional en materia de dise\u00f1o, seguridad y -sobre todo-, cuidado con el medio ambiente.<\/p>\n<p>Gustavo Castellanos, Secretario General de la instituci\u00f3n, cree que \u201csin lugar a dudas, <strong>habr\u00e1 muchos motivos por los cuales este Sal\u00f3n permanecer\u00e1 en la mente de los chilenos\u201d.<br \/>\n<\/strong><br \/>\n<strong>\u00bfQu\u00e9 expectativas hay para este XI Sal\u00f3n de Santiago?<\/strong><\/p>\n<p>Tenemos las mejores expectativas para este Sal\u00f3n, que busca revelar a los consumidores chilenos la riqueza del mercado automotriz nacional y convertirse en una vitrina \u00fanica a nivel latinoamericano. 47 marcas presentar\u00e1n sus novedades y m\u00e1s avanzadas tecnolog\u00edas en este evento, por lo que esperamos que este a\u00f1o los chilenos que asistan a esta fiesta conozcan todas las alternativas del sector y puedan disfrutar de un evento a nivel internacional.<\/p>\n<p><strong>Vemos un especial esfuerzo de las marcas por mostrar modelos amigables con el medio ambiente en esta XI versi\u00f3n del Sal\u00f3n\u2026<\/strong><\/p>\n<p>S\u00ed, este Sal\u00f3n tiene como caracter\u00edstica especial mostrar todo el esfuerzo que ha hecho el sector en el pasado en relaci\u00f3n al cuidado del medioambiente, revelar lo que se est\u00e1 haciendo en esta materia hoy en d\u00eda, como tambi\u00e9n dar a conocer lo que veremos en el futuro.<\/p>\n<p>En esto, el mercado nacional se suma a la tendencia mundial de las marcas, las cuales cada d\u00eda est\u00e1n buscando nuevas tecnolog\u00edas que permitan reducir emisiones y hacer m\u00e1s eficiente el consumo de combustible.<\/p>\n","protected":false},"excerpt":{"rendered":"<p>A d\u00edas de que comience el evento, el ejecutivo est\u00e1 confiado en el motor show permanecer\u00e1 en la mente de los chilenos. <\/p>\n","protected":false},"author":45,"featured_media":0,"comment_status":"open","ping_status":"open","sticky":false,"template":"","format":"standard","meta":{"footnotes":""},"categories":[1277],"tags":[],"class_list":["post-4040","post","type-post","status-publish","format-standard","hentry","category-seguro-automotriz"],"yoast_head":"<!-- This site is optimized with the Yoast SEO plugin v26.9 - https:\/\/yoast.com\/product\/yoast-seo-wordpress\/ -->\n<title>\u201cTenemos las mejores expectativas para este Sal\u00f3n de Santiago\u201d - ComparaOnline<\/title>\n<meta name=\"robots\" content=\"index, follow, max-snippet:-1, max-image-preview:large, max-video-preview:-1\" \/>\n<link rel=\"canonical\" href=\"https:\/\/www.comparaonline.cl\/blog\/autos\/seguro-automotriz\/tenemos-las-mejores-expectativas-para-este-salon-de-santiago\/\" \/>\n<meta property=\"og:locale\" content=\"es_ES\" \/>\n<meta property=\"og:type\" content=\"article\" \/>\n<meta property=\"og:title\" content=\"\u201cTenemos las mejores expectativas para este Sal\u00f3n de Santiago\u201d - ComparaOnline\" \/>\n<meta property=\"og:description\" content=\"A d\u00edas de que comience el evento, el ejecutivo est\u00e1 confiado en el motor show permanecer\u00e1 en la mente de los chilenos.\" \/>\n<meta property=\"og:url\" content=\"https:\/\/www.comparaonline.cl\/blog\/autos\/seguro-automotriz\/tenemos-las-mejores-expectativas-para-este-salon-de-santiago\/\" \/>\n<meta property=\"og:site_name\" content=\"ComparaOnline\" \/>\n<meta property=\"article:publisher\" content=\"https:\/\/www.facebook.com\/comparachile\/\" \/>\n<meta property=\"article:published_time\" content=\"2010-10-04T17:09:27+00:00\" \/>\n<meta property=\"article:modified_time\" content=\"2013-04-25T12:10:47+00:00\" \/>\n<meta property=\"og:image\" content=\"https:\/\/www.comparaonline.cl\/blog\/wp-content\/uploads\/2010\/10\/gustavo-castellanos-secretario-general-anac.jpg\" \/>\n<meta name=\"author\" content=\"Clara Escobar\" \/>\n<meta name=\"twitter:card\" content=\"summary_large_image\" \/>\n<meta name=\"twitter:creator\" content=\"@compara_chile\" \/>\n<meta name=\"twitter:site\" content=\"@compara_chile\" \/>\n<meta name=\"twitter:label1\" content=\"Written by\" \/>\n\t<meta name=\"twitter:data1\" content=\"Clara Escobar\" \/>\n\t<meta name=\"twitter:label2\" content=\"Est. reading time\" \/>\n\t<meta name=\"twitter:data2\" content=\"2 minutos\" \/>\n<script type=\"application\/ld+json\" class=\"yoast-schema-graph\">{\"@context\":\"https:\/\/schema.org\",\"@graph\":[{\"@type\":\"Article\",\"@id\":\"https:\/\/www.comparaonline.cl\/blog\/autos\/seguro-automotriz\/tenemos-las-mejores-expectativas-para-este-salon-de-santiago\/#article\",\"isPartOf\":{\"@id\":\"https:\/\/www.comparaonline.cl\/blog\/autos\/seguro-automotriz\/tenemos-las-mejores-expectativas-para-este-salon-de-santiago\/\"},\"author\":{\"name\":\"Clara Escobar\",\"@id\":\"https:\/\/www.comparaonline.cl\/blog\/#\/schema\/person\/2f605442e15d63553e57ec9ee4b9a51f\"},\"headline\":\"\u201cTenemos las mejores expectativas para este Sal\u00f3n de Santiago\u201d\",\"datePublished\":\"2010-10-04T17:09:27+00:00\",\"dateModified\":\"2013-04-25T12:10:47+00:00\",\"mainEntityOfPage\":{\"@id\":\"https:\/\/www.comparaonline.cl\/blog\/autos\/seguro-automotriz\/tenemos-las-mejores-expectativas-para-este-salon-de-santiago\/\"},\"wordCount\":402,\"commentCount\":0,\"publisher\":{\"@id\":\"https:\/\/www.comparaonline.cl\/blog\/#organization\"},\"image\":{\"@id\":\"https:\/\/www.comparaonline.cl\/blog\/autos\/seguro-automotriz\/tenemos-las-mejores-expectativas-para-este-salon-de-santiago\/#primaryimage\"},\"thumbnailUrl\":\"https:\/\/www.comparaonline.cl\/blog\/wp-content\/uploads\/2010\/10\/gustavo-castellanos-secretario-general-anac.jpg\",\"articleSection\":[\"Seguro Automotriz\"],\"inLanguage\":\"es-CL\",\"potentialAction\":[{\"@type\":\"CommentAction\",\"name\":\"Comment\",\"target\":[\"https:\/\/www.comparaonline.cl\/blog\/autos\/seguro-automotriz\/tenemos-las-mejores-expectativas-para-este-salon-de-santiago\/#respond\"]}]},{\"@type\":\"WebPage\",\"@id\":\"https:\/\/www.comparaonline.cl\/blog\/autos\/seguro-automotriz\/tenemos-las-mejores-expectativas-para-este-salon-de-santiago\/\",\"url\":\"https:\/\/www.comparaonline.cl\/blog\/autos\/seguro-automotriz\/tenemos-las-mejores-expectativas-para-este-salon-de-santiago\/\",\"name\":\"\u201cTenemos las mejores expectativas para este Sal\u00f3n de Santiago\u201d - ComparaOnline\",\"isPartOf\":{\"@id\":\"https:\/\/www.comparaonline.cl\/blog\/#website\"},\"primaryImageOfPage\":{\"@id\":\"https:\/\/www.comparaonline.cl\/blog\/autos\/seguro-automotriz\/tenemos-las-mejores-expectativas-para-este-salon-de-santiago\/#primaryimage\"},\"image\":{\"@id\":\"https:\/\/www.comparaonline.cl\/blog\/autos\/seguro-automotriz\/tenemos-las-mejores-expectativas-para-este-salon-de-santiago\/#primaryimage\"},\"thumbnailUrl\":\"https:\/\/www.comparaonline.cl\/blog\/wp-content\/uploads\/2010\/10\/gustavo-castellanos-secretario-general-anac.jpg\",\"datePublished\":\"2010-10-04T17:09:27+00:00\",\"dateModified\":\"2013-04-25T12:10:47+00:00\",\"inLanguage\":\"es-CL\",\"potentialAction\":[{\"@type\":\"ReadAction\",\"target\":[\"https:\/\/www.comparaonline.cl\/blog\/autos\/seguro-automotriz\/tenemos-las-mejores-expectativas-para-este-salon-de-santiago\/\"]}]},{\"@type\":\"ImageObject\",\"inLanguage\":\"es-CL\",\"@id\":\"https:\/\/www.comparaonline.cl\/blog\/autos\/seguro-automotriz\/tenemos-las-mejores-expectativas-para-este-salon-de-santiago\/#primaryimage\",\"url\":\"https:\/\/www.comparaonline.cl\/blog\/wp-content\/uploads\/2010\/10\/gustavo-castellanos-secretario-general-anac.jpg\",\"contentUrl\":\"https:\/\/www.comparaonline.cl\/blog\/wp-content\/uploads\/2010\/10\/gustavo-castellanos-secretario-general-anac.jpg\"},{\"@type\":\"WebSite\",\"@id\":\"https:\/\/www.comparaonline.cl\/blog\/#website\",\"url\":\"https:\/\/www.comparaonline.cl\/blog\/\",\"name\":\"ComparaOnline\",\"description\":\"Todo lo que necesitas saber sobre seguros y productos financieros\",\"publisher\":{\"@id\":\"https:\/\/www.comparaonline.cl\/blog\/#organization\"},\"potentialAction\":[{\"@type\":\"SearchAction\",\"target\":{\"@type\":\"EntryPoint\",\"urlTemplate\":\"https:\/\/www.comparaonline.cl\/blog\/?s={search_term_string}\"},\"query-input\":{\"@type\":\"PropertyValueSpecification\",\"valueRequired\":true,\"valueName\":\"search_term_string\"}}],\"inLanguage\":\"es-CL\"},{\"@type\":\"Organization\",\"@id\":\"https:\/\/www.comparaonline.cl\/blog\/#organization\",\"name\":\"Compara\",\"url\":\"https:\/\/www.comparaonline.cl\/blog\/\",\"logo\":{\"@type\":\"ImageObject\",\"inLanguage\":\"es-CL\",\"@id\":\"https:\/\/www.comparaonline.cl\/blog\/#\/schema\/logo\/image\/\",\"url\":\"https:\/\/www.comparaonline.cl\/blog-statics\/cl\/uploads\/2020\/02\/15814375758341.png\",\"contentUrl\":\"https:\/\/www.comparaonline.cl\/blog-statics\/cl\/uploads\/2020\/02\/15814375758341.png\",\"width\":161,\"height\":35,\"caption\":\"Compara\"},\"image\":{\"@id\":\"https:\/\/www.comparaonline.cl\/blog\/#\/schema\/logo\/image\/\"},\"sameAs\":[\"https:\/\/www.facebook.com\/comparachile\/\",\"https:\/\/x.com\/compara_chile\",\"https:\/\/www.instagram.com\/compara_chile\/\",\"https:\/\/www.linkedin.com\/company\/compara\/\",\"http:\/\/www.youtube.com\/c\/ComparaChile\"]},{\"@type\":\"Person\",\"@id\":\"https:\/\/www.comparaonline.cl\/blog\/#\/schema\/person\/2f605442e15d63553e57ec9ee4b9a51f\",\"name\":\"Clara Escobar\",\"image\":{\"@type\":\"ImageObject\",\"inLanguage\":\"es-CL\",\"@id\":\"https:\/\/www.comparaonline.cl\/blog\/#\/schema\/person\/image\/\",\"url\":\"https:\/\/www.comparaonline.cl\/blog-statics\/cl\/uploads\/2020\/02\/Clara-Escobar.jpg\",\"contentUrl\":\"https:\/\/www.comparaonline.cl\/blog-statics\/cl\/uploads\/2020\/02\/Clara-Escobar.jpg\",\"caption\":\"Clara Escobar\"},\"description\":\"Soy periodista y especialista en seguros, sobretodo si tienen que ver con el mundo automotriz. Los autos me gustan desde siempre y, por lo mismo estoy atenta a su mantenimiento y a las coberturas a considerar.\",\"sameAs\":[\"http:\/\/esteesunusuario.ge\/nerico\"],\"url\":\"https:\/\/www.comparaonline.cl\/blog\/author\/clara-escobar\/\"}]}<\/script>\n<!-- \/ Yoast SEO plugin. -->","yoast_head_json":{"title":"\u201cTenemos las mejores expectativas para este Sal\u00f3n de Santiago\u201d - ComparaOnline","robots":{"index":"index","follow":"follow","max-snippet":"max-snippet:-1","max-image-preview":"max-image-preview:large","max-video-preview":"max-video-preview:-1"},"canonical":"https:\/\/www.comparaonline.cl\/blog\/autos\/seguro-automotriz\/tenemos-las-mejores-expectativas-para-este-salon-de-santiago\/","og_locale":"es_ES","og_type":"article","og_title":"\u201cTenemos las mejores expectativas para este Sal\u00f3n de Santiago\u201d - ComparaOnline","og_description":"A d\u00edas de que comience el evento, el ejecutivo est\u00e1 confiado en el motor show permanecer\u00e1 en la mente de los chilenos.","og_url":"https:\/\/www.comparaonline.cl\/blog\/autos\/seguro-automotriz\/tenemos-las-mejores-expectativas-para-este-salon-de-santiago\/","og_site_name":"ComparaOnline","article_publisher":"https:\/\/www.facebook.com\/comparachile\/","article_published_time":"2010-10-04T17:09:27+00:00","article_modified_time":"2013-04-25T12:10:47+00:00","og_image":[{"url":"https:\/\/www.comparaonline.cl\/blog\/wp-content\/uploads\/2010\/10\/gustavo-castellanos-secretario-general-anac.jpg","type":"","width":"","height":""}],"author":"Clara Escobar","twitter_card":"summary_large_image","twitter_creator":"@compara_chile","twitter_site":"@compara_chile","twitter_misc":{"Written by":"Clara Escobar","Est. reading time":"2 minutos"},"schema":{"@context":"https:\/\/schema.org","@graph":[{"@type":"Article","@id":"https:\/\/www.comparaonline.cl\/blog\/autos\/seguro-automotriz\/tenemos-las-mejores-expectativas-para-este-salon-de-santiago\/#article","isPartOf":{"@id":"https:\/\/www.comparaonline.cl\/blog\/autos\/seguro-automotriz\/tenemos-las-mejores-expectativas-para-este-salon-de-santiago\/"},"author":{"name":"Clara Escobar","@id":"https:\/\/www.comparaonline.cl\/blog\/#\/schema\/person\/2f605442e15d63553e57ec9ee4b9a51f"},"headline":"\u201cTenemos las mejores expectativas para este Sal\u00f3n de Santiago\u201d","datePublished":"2010-10-04T17:09:27+00:00","dateModified":"2013-04-25T12:10:47+00:00","mainEntityOfPage":{"@id":"https:\/\/www.comparaonline.cl\/blog\/autos\/seguro-automotriz\/tenemos-las-mejores-expectativas-para-este-salon-de-santiago\/"},"wordCount":402,"commentCount":0,"publisher":{"@id":"https:\/\/www.comparaonline.cl\/blog\/#organization"},"image":{"@id":"https:\/\/www.comparaonline.cl\/blog\/autos\/seguro-automotriz\/tenemos-las-mejores-expectativas-para-este-salon-de-santiago\/#primaryimage"},"thumbnailUrl":"https:\/\/www.comparaonline.cl\/blog\/wp-content\/uploads\/2010\/10\/gustavo-castellanos-secretario-general-anac.jpg","articleSection":["Seguro Automotriz"],"inLanguage":"es-CL","potentialAction":[{"@type":"CommentAction","name":"Comment","target":["https:\/\/www.comparaonline.cl\/blog\/autos\/seguro-automotriz\/tenemos-las-mejores-expectativas-para-este-salon-de-santiago\/#respond"]}]},{"@type":"WebPage","@id":"https:\/\/www.comparaonline.cl\/blog\/autos\/seguro-automotriz\/tenemos-las-mejores-expectativas-para-este-salon-de-santiago\/","url":"https:\/\/www.comparaonline.cl\/blog\/autos\/seguro-automotriz\/tenemos-las-mejores-expectativas-para-este-salon-de-santiago\/","name":"\u201cTenemos las mejores expectativas para este Sal\u00f3n de Santiago\u201d - ComparaOnline","isPartOf":{"@id":"https:\/\/www.comparaonline.cl\/blog\/#website"},"primaryImageOfPage":{"@id":"https:\/\/www.comparaonline.cl\/blog\/autos\/seguro-automotriz\/tenemos-las-mejores-expectativas-para-este-salon-de-santiago\/#primaryimage"},"image":{"@id":"https:\/\/www.comparaonline.cl\/blog\/autos\/seguro-automotriz\/tenemos-las-mejores-expectativas-para-este-salon-de-santiago\/#primaryimage"},"thumbnailUrl":"https:\/\/www.comparaonline.cl\/blog\/wp-content\/uploads\/2010\/10\/gustavo-castellanos-secretario-general-anac.jpg","datePublished":"2010-10-04T17:09:27+00:00","dateModified":"2013-04-25T12:10:47+00:00","inLanguage":"es-CL","potentialAction":[{"@type":"ReadAction","target":["https:\/\/www.comparaonline.cl\/blog\/autos\/seguro-automotriz\/tenemos-las-mejores-expectativas-para-este-salon-de-santiago\/"]}]},{"@type":"ImageObject","inLanguage":"es-CL","@id":"https:\/\/www.comparaonline.cl\/blog\/autos\/seguro-automotriz\/tenemos-las-mejores-expectativas-para-este-salon-de-santiago\/#primaryimage","url":"https:\/\/www.comparaonline.cl\/blog\/wp-content\/uploads\/2010\/10\/gustavo-castellanos-secretario-general-anac.jpg","contentUrl":"https:\/\/www.comparaonline.cl\/blog\/wp-content\/uploads\/2010\/10\/gustavo-castellanos-secretario-general-anac.jpg"},{"@type":"WebSite","@id":"https:\/\/www.comparaonline.cl\/blog\/#website","url":"https:\/\/www.comparaonline.cl\/blog\/","name":"ComparaOnline","description":"Todo lo que necesitas saber sobre seguros y productos financieros","publisher":{"@id":"https:\/\/www.comparaonline.cl\/blog\/#organization"},"potentialAction":[{"@type":"SearchAction","target":{"@type":"EntryPoint","urlTemplate":"https:\/\/www.comparaonline.cl\/blog\/?s={search_term_string}"},"query-input":{"@type":"PropertyValueSpecification","valueRequired":true,"valueName":"search_term_string"}}],"inLanguage":"es-CL"},{"@type":"Organization","@id":"https:\/\/www.comparaonline.cl\/blog\/#organization","name":"Compara","url":"https:\/\/www.comparaonline.cl\/blog\/","logo":{"@type":"ImageObject","inLanguage":"es-CL","@id":"https:\/\/www.comparaonline.cl\/blog\/#\/schema\/logo\/image\/","url":"https:\/\/www.comparaonline.cl\/blog-statics\/cl\/uploads\/2020\/02\/15814375758341.png","contentUrl":"https:\/\/www.comparaonline.cl\/blog-statics\/cl\/uploads\/2020\/02\/15814375758341.png","width":161,"height":35,"caption":"Compara"},"image":{"@id":"https:\/\/www.comparaonline.cl\/blog\/#\/schema\/logo\/image\/"},"sameAs":["https:\/\/www.facebook.com\/comparachile\/","https:\/\/x.com\/compara_chile","https:\/\/www.instagram.com\/compara_chile\/","https:\/\/www.linkedin.com\/company\/compara\/","http:\/\/www.youtube.com\/c\/ComparaChile"]},{"@type":"Person","@id":"https:\/\/www.comparaonline.cl\/blog\/#\/schema\/person\/2f605442e15d63553e57ec9ee4b9a51f","name":"Clara Escobar","image":{"@type":"ImageObject","inLanguage":"es-CL","@id":"https:\/\/www.comparaonline.cl\/blog\/#\/schema\/person\/image\/","url":"https:\/\/www.comparaonline.cl\/blog-statics\/cl\/uploads\/2020\/02\/Clara-Escobar.jpg","contentUrl":"https:\/\/www.comparaonline.cl\/blog-statics\/cl\/uploads\/2020\/02\/Clara-Escobar.jpg","caption":"Clara Escobar"},"description":"Soy periodista y especialista en seguros, sobretodo si tienen que ver con el mundo automotriz. Los autos me gustan desde siempre y, por lo mismo estoy atenta a su mantenimiento y a las coberturas a considerar.","sameAs":["http:\/\/esteesunusuario.ge\/nerico"],"url":"https:\/\/www.comparaonline.cl\/blog\/author\/clara-escobar\/"}]}},"_links":{"self":[{"href":"https:\/\/www.comparaonline.cl\/blog\/wp-json\/wp\/v2\/posts\/4040","targetHints":{"allow":["GET"]}}],"collection":[{"href":"https:\/\/www.comparaonline.cl\/blog\/wp-json\/wp\/v2\/posts"}],"about":[{"href":"https:\/\/www.comparaonline.cl\/blog\/wp-json\/wp\/v2\/types\/post"}],"author":[{"embeddable":true,"href":"https:\/\/www.comparaonline.cl\/blog\/wp-json\/wp\/v2\/users\/45"}],"replies":[{"embeddable":true,"href":"https:\/\/www.comparaonline.cl\/blog\/wp-json\/wp\/v2\/comments?post=4040"}],"version-history":[{"count":0,"href":"https:\/\/www.comparaonline.cl\/blog\/wp-json\/wp\/v2\/posts\/4040\/revisions"}],"wp:attachment":[{"href":"https:\/\/www.comparaonline.cl\/blog\/wp-json\/wp\/v2\/media?parent=4040"}],"wp:term":[{"taxonomy":"category","embeddable":true,"href":"https:\/\/www.comparaonline.cl\/blog\/wp-json\/wp\/v2\/categories?post=4040"},{"taxonomy":"post_tag","embeddable":true,"href":"https:\/\/www.comparaonline.cl\/blog\/wp-json\/wp\/v2\/tags?post=4040"}],"curies":[{"name":"wp","href":"https:\/\/api.w.org\/{rel}","templated":true}]}}