{"id":3878,"date":"2010-09-15T13:10:35","date_gmt":"2010-09-15T13:10:35","guid":{"rendered":"http:\/\/www.comparaonline.com\/prensa\/?p=3878"},"modified":"2013-04-25T12:12:29","modified_gmt":"2013-04-25T12:12:29","slug":"ventas-de-vehiculos-aumentaron-61-en-agosto","status":"publish","type":"post","link":"https:\/\/www.comparaonline.cl\/blog\/autos\/seguro-automotriz\/ventas-de-vehiculos-aumentaron-61-en-agosto\/","title":{"rendered":"Ventas de veh\u00edculos aumentaron 61% en agosto"},"content":{"rendered":"<figure id=\"attachment_3888\" aria-describedby=\"caption-attachment-3888\" style=\"width: 332px\" class=\"wp-caption alignleft\"><a href=\"https:\/\/www.comparaonline.cl\/blog\/wp-content\/uploads\/2010\/09\/venta-vehiculos.jpg\"><img loading='lazy' decoding='async' onerror='gen_methods.imageFailed(this)' loading=\"lazy\" decoding=\"async\" class=\"size-full wp-image-3888\" title=\"venta veh\u00edculos\" src=\"https:\/\/www.comparaonline.cl\/blog\/wp-content\/uploads\/2010\/09\/venta-vehiculos.jpg\" alt=\"Reflejo del buen momento que vive la econom\u00eda nacional. \" width=\"332\" height=\"220\" \/><\/a><figcaption id=\"caption-attachment-3888\" class=\"wp-caption-text\">Reflejo del buen momento que vive la econom\u00eda nacional. <\/figcaption><\/figure>\n<p>La Asociaci\u00f3n Nacional Automotriz de Chile, ANAC, se\u00f1ala que <strong>el mes de agosto cerr\u00f3 con ventas de 25.397 unidades de veh\u00edculos nuevos.<\/strong> Este resultado representa un <strong>13% de aumento respecto del mismo mes de 2008<\/strong>, a\u00f1o que se considera normal para el sector, y <strong>61% respecto a igual periodo de 2009<\/strong>, el cual estaba impactado por la crisis financiera mundial.<\/p>\n<p>Mauricio Budnik, presidente de la entidad se\u00f1ala que \u201c<strong>estos resultados son el reflejo del buen momento que est\u00e1 viviendo la econom\u00eda nacional<\/strong>, y est\u00e1n alineados con la tendencia al alza del Imacec de los \u00faltimos cuatro meses y otros indicadores econ\u00f3micos\u201d.<\/p>\n<p>Sin embargo, parte de estos resultados<strong> tambi\u00e9n se deben a una tendencia de normalizaci\u00f3n de los niveles de stock de las marcas. <\/strong>Para un an\u00e1lisis global, es importante considerar que septiembre es un mes at\u00edpico en las ventas, producto de las celebraciones de fiestas patrias y los d\u00edas feriados. Por esta raz\u00f3n, el sector siempre ha promediado las ventas de agosto con las de septiembre para obtener una demanda m\u00e1s real.<\/p>\n<p><strong>Las ventas acumuladas alcanzan las 173.514 unidades, lo que valida la proyecci\u00f3n de 260.000 unidades realizada por la ANAC<\/strong>, la que se reevaluar\u00e1, como es habitual, a fines del tercer trimestre.<\/p>\n","protected":false},"excerpt":{"rendered":"<p>Las comercializaciones acumuladas alcanzan las 173.514 unidades, lo que valida la proyecci\u00f3n de 260.000 ventas realizada por la ANAC. <\/p>\n","protected":false},"author":45,"featured_media":0,"comment_status":"open","ping_status":"open","sticky":false,"template":"","format":"standard","meta":{"footnotes":""},"categories":[1277],"tags":[],"class_list":["post-3878","post","type-post","status-publish","format-standard","hentry","category-seguro-automotriz"],"yoast_head":"<!-- This site is optimized with the Yoast SEO plugin v26.9 - https:\/\/yoast.com\/product\/yoast-seo-wordpress\/ -->\n<title>Ventas de veh\u00edculos aumentaron 61% en agosto - ComparaOnline<\/title>\n<meta name=\"robots\" content=\"index, follow, max-snippet:-1, max-image-preview:large, max-video-preview:-1\" \/>\n<link rel=\"canonical\" href=\"https:\/\/www.comparaonline.cl\/blog\/autos\/seguro-automotriz\/ventas-de-vehiculos-aumentaron-61-en-agosto\/\" \/>\n<meta property=\"og:locale\" content=\"es_ES\" \/>\n<meta property=\"og:type\" content=\"article\" \/>\n<meta property=\"og:title\" content=\"Ventas de veh\u00edculos aumentaron 61% en agosto - ComparaOnline\" \/>\n<meta property=\"og:description\" content=\"Las comercializaciones acumuladas alcanzan las 173.514 unidades, lo que valida la proyecci\u00f3n de 260.000 ventas realizada por la ANAC.\" \/>\n<meta property=\"og:url\" content=\"https:\/\/www.comparaonline.cl\/blog\/autos\/seguro-automotriz\/ventas-de-vehiculos-aumentaron-61-en-agosto\/\" \/>\n<meta property=\"og:site_name\" content=\"ComparaOnline\" \/>\n<meta property=\"article:publisher\" content=\"https:\/\/www.facebook.com\/comparachile\/\" \/>\n<meta property=\"article:published_time\" content=\"2010-09-15T13:10:35+00:00\" \/>\n<meta property=\"article:modified_time\" content=\"2013-04-25T12:12:29+00:00\" \/>\n<meta property=\"og:image\" content=\"https:\/\/www.comparaonline.cl\/blog\/wp-content\/uploads\/2010\/09\/venta-vehiculos.jpg\" \/>\n<meta name=\"author\" content=\"Clara Escobar\" \/>\n<meta name=\"twitter:card\" content=\"summary_large_image\" \/>\n<meta name=\"twitter:creator\" content=\"@compara_chile\" \/>\n<meta name=\"twitter:site\" content=\"@compara_chile\" \/>\n<meta name=\"twitter:label1\" content=\"Escrito por\" \/>\n\t<meta name=\"twitter:data1\" content=\"Clara Escobar\" \/>\n\t<meta name=\"twitter:label2\" content=\"Tiempo estimado de lectura\" \/>\n\t<meta name=\"twitter:data2\" content=\"1 minuto\" \/>\n<script type=\"application\/ld+json\" class=\"yoast-schema-graph\">{\"@context\":\"https:\/\/schema.org\",\"@graph\":[{\"@type\":\"Article\",\"@id\":\"https:\/\/www.comparaonline.cl\/blog\/autos\/seguro-automotriz\/ventas-de-vehiculos-aumentaron-61-en-agosto\/#article\",\"isPartOf\":{\"@id\":\"https:\/\/www.comparaonline.cl\/blog\/autos\/seguro-automotriz\/ventas-de-vehiculos-aumentaron-61-en-agosto\/\"},\"author\":{\"name\":\"Clara Escobar\",\"@id\":\"https:\/\/www.comparaonline.cl\/blog\/#\/schema\/person\/2f605442e15d63553e57ec9ee4b9a51f\"},\"headline\":\"Ventas de veh\u00edculos aumentaron 61% en agosto\",\"datePublished\":\"2010-09-15T13:10:35+00:00\",\"dateModified\":\"2013-04-25T12:12:29+00:00\",\"mainEntityOfPage\":{\"@id\":\"https:\/\/www.comparaonline.cl\/blog\/autos\/seguro-automotriz\/ventas-de-vehiculos-aumentaron-61-en-agosto\/\"},\"wordCount\":237,\"commentCount\":0,\"publisher\":{\"@id\":\"https:\/\/www.comparaonline.cl\/blog\/#organization\"},\"image\":{\"@id\":\"https:\/\/www.comparaonline.cl\/blog\/autos\/seguro-automotriz\/ventas-de-vehiculos-aumentaron-61-en-agosto\/#primaryimage\"},\"thumbnailUrl\":\"https:\/\/www.comparaonline.cl\/blog\/wp-content\/uploads\/2010\/09\/venta-vehiculos.jpg\",\"articleSection\":[\"Seguro Automotriz\"],\"inLanguage\":\"es-CL\",\"potentialAction\":[{\"@type\":\"CommentAction\",\"name\":\"Comment\",\"target\":[\"https:\/\/www.comparaonline.cl\/blog\/autos\/seguro-automotriz\/ventas-de-vehiculos-aumentaron-61-en-agosto\/#respond\"]}]},{\"@type\":\"WebPage\",\"@id\":\"https:\/\/www.comparaonline.cl\/blog\/autos\/seguro-automotriz\/ventas-de-vehiculos-aumentaron-61-en-agosto\/\",\"url\":\"https:\/\/www.comparaonline.cl\/blog\/autos\/seguro-automotriz\/ventas-de-vehiculos-aumentaron-61-en-agosto\/\",\"name\":\"Ventas de veh\u00edculos aumentaron 61% en agosto - ComparaOnline\",\"isPartOf\":{\"@id\":\"https:\/\/www.comparaonline.cl\/blog\/#website\"},\"primaryImageOfPage\":{\"@id\":\"https:\/\/www.comparaonline.cl\/blog\/autos\/seguro-automotriz\/ventas-de-vehiculos-aumentaron-61-en-agosto\/#primaryimage\"},\"image\":{\"@id\":\"https:\/\/www.comparaonline.cl\/blog\/autos\/seguro-automotriz\/ventas-de-vehiculos-aumentaron-61-en-agosto\/#primaryimage\"},\"thumbnailUrl\":\"https:\/\/www.comparaonline.cl\/blog\/wp-content\/uploads\/2010\/09\/venta-vehiculos.jpg\",\"datePublished\":\"2010-09-15T13:10:35+00:00\",\"dateModified\":\"2013-04-25T12:12:29+00:00\",\"inLanguage\":\"es-CL\",\"potentialAction\":[{\"@type\":\"ReadAction\",\"target\":[\"https:\/\/www.comparaonline.cl\/blog\/autos\/seguro-automotriz\/ventas-de-vehiculos-aumentaron-61-en-agosto\/\"]}]},{\"@type\":\"ImageObject\",\"inLanguage\":\"es-CL\",\"@id\":\"https:\/\/www.comparaonline.cl\/blog\/autos\/seguro-automotriz\/ventas-de-vehiculos-aumentaron-61-en-agosto\/#primaryimage\",\"url\":\"https:\/\/www.comparaonline.cl\/blog\/wp-content\/uploads\/2010\/09\/venta-vehiculos.jpg\",\"contentUrl\":\"https:\/\/www.comparaonline.cl\/blog\/wp-content\/uploads\/2010\/09\/venta-vehiculos.jpg\"},{\"@type\":\"WebSite\",\"@id\":\"https:\/\/www.comparaonline.cl\/blog\/#website\",\"url\":\"https:\/\/www.comparaonline.cl\/blog\/\",\"name\":\"ComparaOnline\",\"description\":\"Todo lo que necesitas saber sobre seguros y productos financieros\",\"publisher\":{\"@id\":\"https:\/\/www.comparaonline.cl\/blog\/#organization\"},\"potentialAction\":[{\"@type\":\"SearchAction\",\"target\":{\"@type\":\"EntryPoint\",\"urlTemplate\":\"https:\/\/www.comparaonline.cl\/blog\/?s={search_term_string}\"},\"query-input\":{\"@type\":\"PropertyValueSpecification\",\"valueRequired\":true,\"valueName\":\"search_term_string\"}}],\"inLanguage\":\"es-CL\"},{\"@type\":\"Organization\",\"@id\":\"https:\/\/www.comparaonline.cl\/blog\/#organization\",\"name\":\"Compara\",\"url\":\"https:\/\/www.comparaonline.cl\/blog\/\",\"logo\":{\"@type\":\"ImageObject\",\"inLanguage\":\"es-CL\",\"@id\":\"https:\/\/www.comparaonline.cl\/blog\/#\/schema\/logo\/image\/\",\"url\":\"https:\/\/www.comparaonline.cl\/blog-statics\/cl\/uploads\/2020\/02\/15814375758341.png\",\"contentUrl\":\"https:\/\/www.comparaonline.cl\/blog-statics\/cl\/uploads\/2020\/02\/15814375758341.png\",\"width\":161,\"height\":35,\"caption\":\"Compara\"},\"image\":{\"@id\":\"https:\/\/www.comparaonline.cl\/blog\/#\/schema\/logo\/image\/\"},\"sameAs\":[\"https:\/\/www.facebook.com\/comparachile\/\",\"https:\/\/x.com\/compara_chile\",\"https:\/\/www.instagram.com\/compara_chile\/\",\"https:\/\/www.linkedin.com\/company\/compara\/\",\"http:\/\/www.youtube.com\/c\/ComparaChile\"]},{\"@type\":\"Person\",\"@id\":\"https:\/\/www.comparaonline.cl\/blog\/#\/schema\/person\/2f605442e15d63553e57ec9ee4b9a51f\",\"name\":\"Clara Escobar\",\"image\":{\"@type\":\"ImageObject\",\"inLanguage\":\"es-CL\",\"@id\":\"https:\/\/www.comparaonline.cl\/blog\/#\/schema\/person\/image\/\",\"url\":\"https:\/\/www.comparaonline.cl\/blog-statics\/cl\/uploads\/2020\/02\/Clara-Escobar.jpg\",\"contentUrl\":\"https:\/\/www.comparaonline.cl\/blog-statics\/cl\/uploads\/2020\/02\/Clara-Escobar.jpg\",\"caption\":\"Clara Escobar\"},\"description\":\"Soy periodista y especialista en seguros, sobretodo si tienen que ver con el mundo automotriz. Los autos me gustan desde siempre y, por lo mismo estoy atenta a su mantenimiento y a las coberturas a considerar.\",\"sameAs\":[\"http:\/\/esteesunusuario.ge\/nerico\"],\"url\":\"https:\/\/www.comparaonline.cl\/blog\/author\/clara-escobar\/\"}]}<\/script>\n<!-- \/ Yoast SEO plugin. -->","yoast_head_json":{"title":"Ventas de veh\u00edculos aumentaron 61% en agosto - ComparaOnline","robots":{"index":"index","follow":"follow","max-snippet":"max-snippet:-1","max-image-preview":"max-image-preview:large","max-video-preview":"max-video-preview:-1"},"canonical":"https:\/\/www.comparaonline.cl\/blog\/autos\/seguro-automotriz\/ventas-de-vehiculos-aumentaron-61-en-agosto\/","og_locale":"es_ES","og_type":"article","og_title":"Ventas de veh\u00edculos aumentaron 61% en agosto - ComparaOnline","og_description":"Las comercializaciones acumuladas alcanzan las 173.514 unidades, lo que valida la proyecci\u00f3n de 260.000 ventas realizada por la ANAC.","og_url":"https:\/\/www.comparaonline.cl\/blog\/autos\/seguro-automotriz\/ventas-de-vehiculos-aumentaron-61-en-agosto\/","og_site_name":"ComparaOnline","article_publisher":"https:\/\/www.facebook.com\/comparachile\/","article_published_time":"2010-09-15T13:10:35+00:00","article_modified_time":"2013-04-25T12:12:29+00:00","og_image":[{"url":"https:\/\/www.comparaonline.cl\/blog\/wp-content\/uploads\/2010\/09\/venta-vehiculos.jpg","type":"","width":"","height":""}],"author":"Clara Escobar","twitter_card":"summary_large_image","twitter_creator":"@compara_chile","twitter_site":"@compara_chile","twitter_misc":{"Escrito por":"Clara Escobar","Tiempo estimado de lectura":"1 minuto"},"schema":{"@context":"https:\/\/schema.org","@graph":[{"@type":"Article","@id":"https:\/\/www.comparaonline.cl\/blog\/autos\/seguro-automotriz\/ventas-de-vehiculos-aumentaron-61-en-agosto\/#article","isPartOf":{"@id":"https:\/\/www.comparaonline.cl\/blog\/autos\/seguro-automotriz\/ventas-de-vehiculos-aumentaron-61-en-agosto\/"},"author":{"name":"Clara Escobar","@id":"https:\/\/www.comparaonline.cl\/blog\/#\/schema\/person\/2f605442e15d63553e57ec9ee4b9a51f"},"headline":"Ventas de veh\u00edculos aumentaron 61% en agosto","datePublished":"2010-09-15T13:10:35+00:00","dateModified":"2013-04-25T12:12:29+00:00","mainEntityOfPage":{"@id":"https:\/\/www.comparaonline.cl\/blog\/autos\/seguro-automotriz\/ventas-de-vehiculos-aumentaron-61-en-agosto\/"},"wordCount":237,"commentCount":0,"publisher":{"@id":"https:\/\/www.comparaonline.cl\/blog\/#organization"},"image":{"@id":"https:\/\/www.comparaonline.cl\/blog\/autos\/seguro-automotriz\/ventas-de-vehiculos-aumentaron-61-en-agosto\/#primaryimage"},"thumbnailUrl":"https:\/\/www.comparaonline.cl\/blog\/wp-content\/uploads\/2010\/09\/venta-vehiculos.jpg","articleSection":["Seguro Automotriz"],"inLanguage":"es-CL","potentialAction":[{"@type":"CommentAction","name":"Comment","target":["https:\/\/www.comparaonline.cl\/blog\/autos\/seguro-automotriz\/ventas-de-vehiculos-aumentaron-61-en-agosto\/#respond"]}]},{"@type":"WebPage","@id":"https:\/\/www.comparaonline.cl\/blog\/autos\/seguro-automotriz\/ventas-de-vehiculos-aumentaron-61-en-agosto\/","url":"https:\/\/www.comparaonline.cl\/blog\/autos\/seguro-automotriz\/ventas-de-vehiculos-aumentaron-61-en-agosto\/","name":"Ventas de veh\u00edculos aumentaron 61% en agosto - ComparaOnline","isPartOf":{"@id":"https:\/\/www.comparaonline.cl\/blog\/#website"},"primaryImageOfPage":{"@id":"https:\/\/www.comparaonline.cl\/blog\/autos\/seguro-automotriz\/ventas-de-vehiculos-aumentaron-61-en-agosto\/#primaryimage"},"image":{"@id":"https:\/\/www.comparaonline.cl\/blog\/autos\/seguro-automotriz\/ventas-de-vehiculos-aumentaron-61-en-agosto\/#primaryimage"},"thumbnailUrl":"https:\/\/www.comparaonline.cl\/blog\/wp-content\/uploads\/2010\/09\/venta-vehiculos.jpg","datePublished":"2010-09-15T13:10:35+00:00","dateModified":"2013-04-25T12:12:29+00:00","inLanguage":"es-CL","potentialAction":[{"@type":"ReadAction","target":["https:\/\/www.comparaonline.cl\/blog\/autos\/seguro-automotriz\/ventas-de-vehiculos-aumentaron-61-en-agosto\/"]}]},{"@type":"ImageObject","inLanguage":"es-CL","@id":"https:\/\/www.comparaonline.cl\/blog\/autos\/seguro-automotriz\/ventas-de-vehiculos-aumentaron-61-en-agosto\/#primaryimage","url":"https:\/\/www.comparaonline.cl\/blog\/wp-content\/uploads\/2010\/09\/venta-vehiculos.jpg","contentUrl":"https:\/\/www.comparaonline.cl\/blog\/wp-content\/uploads\/2010\/09\/venta-vehiculos.jpg"},{"@type":"WebSite","@id":"https:\/\/www.comparaonline.cl\/blog\/#website","url":"https:\/\/www.comparaonline.cl\/blog\/","name":"ComparaOnline","description":"Todo lo que necesitas saber sobre seguros y productos financieros","publisher":{"@id":"https:\/\/www.comparaonline.cl\/blog\/#organization"},"potentialAction":[{"@type":"SearchAction","target":{"@type":"EntryPoint","urlTemplate":"https:\/\/www.comparaonline.cl\/blog\/?s={search_term_string}"},"query-input":{"@type":"PropertyValueSpecification","valueRequired":true,"valueName":"search_term_string"}}],"inLanguage":"es-CL"},{"@type":"Organization","@id":"https:\/\/www.comparaonline.cl\/blog\/#organization","name":"Compara","url":"https:\/\/www.comparaonline.cl\/blog\/","logo":{"@type":"ImageObject","inLanguage":"es-CL","@id":"https:\/\/www.comparaonline.cl\/blog\/#\/schema\/logo\/image\/","url":"https:\/\/www.comparaonline.cl\/blog-statics\/cl\/uploads\/2020\/02\/15814375758341.png","contentUrl":"https:\/\/www.comparaonline.cl\/blog-statics\/cl\/uploads\/2020\/02\/15814375758341.png","width":161,"height":35,"caption":"Compara"},"image":{"@id":"https:\/\/www.comparaonline.cl\/blog\/#\/schema\/logo\/image\/"},"sameAs":["https:\/\/www.facebook.com\/comparachile\/","https:\/\/x.com\/compara_chile","https:\/\/www.instagram.com\/compara_chile\/","https:\/\/www.linkedin.com\/company\/compara\/","http:\/\/www.youtube.com\/c\/ComparaChile"]},{"@type":"Person","@id":"https:\/\/www.comparaonline.cl\/blog\/#\/schema\/person\/2f605442e15d63553e57ec9ee4b9a51f","name":"Clara Escobar","image":{"@type":"ImageObject","inLanguage":"es-CL","@id":"https:\/\/www.comparaonline.cl\/blog\/#\/schema\/person\/image\/","url":"https:\/\/www.comparaonline.cl\/blog-statics\/cl\/uploads\/2020\/02\/Clara-Escobar.jpg","contentUrl":"https:\/\/www.comparaonline.cl\/blog-statics\/cl\/uploads\/2020\/02\/Clara-Escobar.jpg","caption":"Clara Escobar"},"description":"Soy periodista y especialista en seguros, sobretodo si tienen que ver con el mundo automotriz. Los autos me gustan desde siempre y, por lo mismo estoy atenta a su mantenimiento y a las coberturas a considerar.","sameAs":["http:\/\/esteesunusuario.ge\/nerico"],"url":"https:\/\/www.comparaonline.cl\/blog\/author\/clara-escobar\/"}]}},"_links":{"self":[{"href":"https:\/\/www.comparaonline.cl\/blog\/wp-json\/wp\/v2\/posts\/3878","targetHints":{"allow":["GET"]}}],"collection":[{"href":"https:\/\/www.comparaonline.cl\/blog\/wp-json\/wp\/v2\/posts"}],"about":[{"href":"https:\/\/www.comparaonline.cl\/blog\/wp-json\/wp\/v2\/types\/post"}],"author":[{"embeddable":true,"href":"https:\/\/www.comparaonline.cl\/blog\/wp-json\/wp\/v2\/users\/45"}],"replies":[{"embeddable":true,"href":"https:\/\/www.comparaonline.cl\/blog\/wp-json\/wp\/v2\/comments?post=3878"}],"version-history":[{"count":0,"href":"https:\/\/www.comparaonline.cl\/blog\/wp-json\/wp\/v2\/posts\/3878\/revisions"}],"wp:attachment":[{"href":"https:\/\/www.comparaonline.cl\/blog\/wp-json\/wp\/v2\/media?parent=3878"}],"wp:term":[{"taxonomy":"category","embeddable":true,"href":"https:\/\/www.comparaonline.cl\/blog\/wp-json\/wp\/v2\/categories?post=3878"},{"taxonomy":"post_tag","embeddable":true,"href":"https:\/\/www.comparaonline.cl\/blog\/wp-json\/wp\/v2\/tags?post=3878"}],"curies":[{"name":"wp","href":"https:\/\/api.w.org\/{rel}","templated":true}]}}