{"id":3573,"date":"2010-08-09T13:54:40","date_gmt":"2010-08-09T13:54:40","guid":{"rendered":"http:\/\/www.comparaonline.com\/prensa\/?p=3573"},"modified":"2017-10-06T13:45:17","modified_gmt":"2017-10-06T16:45:17","slug":"aestilo-y-tecnologia-estaran-presentes-en-salon-del-automovil-de-santiago","status":"publish","type":"post","link":"https:\/\/www.comparaonline.cl\/blog\/autos\/seguro-automotriz\/aestilo-y-tecnologia-estaran-presentes-en-salon-del-automovil-de-santiago\/","title":{"rendered":"Estilo y tecnolog\u00eda estar\u00e1n presentes en Sal\u00f3n del Autom\u00f3vil de Santiago"},"content":{"rendered":"<figure id=\"attachment_3574\" aria-describedby=\"caption-attachment-3574\" style=\"width: 332px\" class=\"wp-caption alignleft\"><a href=\"https:\/\/www.comparaonline.cl\/blog\/wp-content\/uploads\/2010\/08\/aston-martin-rapide.jpg\"><img loading='lazy' decoding='async' onerror='gen_methods.imageFailed(this)' loading=\"lazy\" decoding=\"async\" class=\"size-full wp-image-3574\" title=\"Aston Martin Rapide\" src=\"https:\/\/www.comparaonline.cl\/blog\/wp-content\/uploads\/2010\/08\/aston-martin-rapide.jpg\" alt=\"Aston Martin Rapide\" width=\"332\" height=\"220\" \/><\/a><figcaption id=\"caption-attachment-3574\" class=\"wp-caption-text\">Aston Martin Rapide<\/figcaption><\/figure>\n<p>El 11\u00ba Sal\u00f3n del Autom\u00f3vil de Santiago se acerca a pasos agigantados. Quedan poco m\u00e1s de dos meses para que las marcas participantes presenten al p\u00fablico nacional las novedades que est\u00e1n preparando para sorprender y asombrar.<\/p>\n<p>Deslumbrantes modelos deportivos, elegantes autos Premium, veh\u00edculos innovadores que cuentan con las \u00faltimas tecnolog\u00edas en seguridad y en el cuidado del medioambiente, ser\u00e1n algunas de las primicias que se dar\u00e1n a conocer en esta fiesta automotriz que se llevar\u00e1 a cabo entre el 20 de octubre y el 1 de noviembre en Espacio Riesco.<\/p>\n<p>&#8220;Para nosotros es un orgullo presentar este evento al p\u00fablico nacional, debido a su magnitud e importancia a nivel mundial. Las marcas se han esforzado para traer modelos que, por una parte, sorprender\u00e1n a todos los presentes por sus tecnolog\u00edas y dise\u00f1os innovadores, y por otra entregar\u00e1n elementos de \u00faltima generaci\u00f3n en seguridad y en reducci\u00f3n de emisiones&#8221;, asegur\u00f3 Gustavo Castellanos, Secretario General de la Asociaci\u00f3n Nacional Automotriz (ANAC).<br \/>\n<strong><br \/>\nAlgunos modelos del Sal\u00f3n<\/strong><\/p>\n<p><strong>Aston Martin Rapide<\/strong><\/p>\n<p>Se trata del deportivo de cuatro puertas m\u00e1s elegante del mundo. Llega a Chile y har\u00e1 su estreno oficial en el pr\u00f3ximo Sal\u00f3n. Ofrecer\u00e1 el mismo nivel de desempe\u00f1o y lujo del resto de los modelos de Aston Martin y estar\u00e1 equipado con un motor V12 de 6.0 litros que produce 470 caballos de fuerza, acoplado a una transmisi\u00f3n Touchtronic.<\/p>\n<p><strong>Forester PZEV (Partial Zero Emisions Veh\u00edcle)<\/strong><\/p>\n<p>Subaru tambi\u00e9n estar\u00e1 presente en el motos show. Dentro de sus novedades destaca el modelo Forester PZEV (Partial Zero Emisions Veh\u00edcle), un veh\u00edculo de emisiones s\u00faper-ultra bajas; 90% m\u00e1s limpio que un modelo nuevo que cumple con la norma Euro IV, es decir, que emite una sola part\u00edcula por mill\u00f3n en emisi\u00f3n de gases versus diez part\u00edculas por mill\u00f3n, y presentan cero emisiones evaporativas, las que se producen al evaporarse el combustible.<\/p>\n<p>Este modelo funciona con gasolina regular sin plomo, no requiere mantenciones adicionales y ofrece el mismo performance que un auto tradicional a gasolina, pero con beneficios medioambientales incomparables.<\/p>\n<p><strong>Insight<\/strong><\/p>\n<p>Honda presentar\u00e1 su ecol\u00f3gico Insight. Esta es la segunda generaci\u00f3n del modelo h\u00edbrido, un hatchback de cinco puertas, que incluye una tecnolog\u00eda m\u00e1s ligera, compacta y eficiente, adem\u00e1s de un silencioso motor. El gran valor ecol\u00f3gico del lnsight radica en su tecnolog\u00eda de Asistencia Integrada (IMA en ingl\u00e9s), la que incorpora un motor de gasolina que act\u00faa como fuente de energ\u00eda principal, y un motor el\u00e9ctrico auxiliar. De esta manera, el motor se apaga al detener la marcha, permitiendo ahorrar combustible y evitando la emisi\u00f3n de residuos.<\/p>\n<p><strong>Audi R8 V10 y Audi A8<\/strong><\/p>\n<p>Otra novedad del 11\u00ba Sal\u00f3n del Autom\u00f3vil de Santiago es el Audi R8 V10, un estilizado modelo deportivo que sorprender\u00e1 al p\u00fablico asistente a la feria automotriz. Asimismo, la marca presentar\u00e1 el Audi A8, uno de los veh\u00edculos m\u00e1s seguros dentro de la clase de lujo.<\/p>\n<p><strong>MiTo <\/strong><\/p>\n<p>Alfa Romeo mostrar\u00e1 al p\u00fablico el modelo MiTo, un veh\u00edculo que cuenta con diversos sistemas que protegen a los pasajeros y que adem\u00e1s ayudan a que el piloto realice una conducci\u00f3n segura. Dentro de su tecnolog\u00eda, incluye alerta de cintur\u00f3n de seguridad, que notifican cada vez que no est\u00e9 abrochado. Adem\u00e1s, arriba del espejo retrovisor se encuentra un letrero con los cinco asientos que tiene el auto. Si alguno de ellos est\u00e1 de color rojo, el cintur\u00f3n no est\u00e1 abrochado, por lo tanto, si est\u00e1 verde, est\u00e1 listo para partir.<\/p>\n<p>Tambi\u00e9n tienen un sistema Corning Brake Control (CBS), que act\u00faa cuando el auto toma una curva en plena acci\u00f3n de frenado, con el fin de que la presi\u00f3n se descargue en cada una de las ruedas de manera independiente, para mantener la estabilidad del veh\u00edculo.<\/p>\n","protected":false},"excerpt":{"rendered":"<p>Aqu\u00ed, un anticipo de los modelos que podremos ver en el pr\u00f3ximo motor show. <\/p>\n","protected":false},"author":45,"featured_media":0,"comment_status":"open","ping_status":"open","sticky":false,"template":"","format":"standard","meta":{"footnotes":""},"categories":[1277],"tags":[],"class_list":["post-3573","post","type-post","status-publish","format-standard","hentry","category-seguro-automotriz"],"yoast_head":"<!-- This site is optimized with the Yoast SEO plugin v26.9 - https:\/\/yoast.com\/product\/yoast-seo-wordpress\/ -->\n<title>Estilo y tecnolog\u00eda estar\u00e1n presentes en Sal\u00f3n del Autom\u00f3vil de Santiago - ComparaOnline<\/title>\n<meta name=\"robots\" content=\"index, follow, max-snippet:-1, max-image-preview:large, max-video-preview:-1\" \/>\n<link rel=\"canonical\" href=\"https:\/\/www.comparaonline.cl\/blog\/autos\/seguro-automotriz\/aestilo-y-tecnologia-estaran-presentes-en-salon-del-automovil-de-santiago\/\" \/>\n<meta property=\"og:locale\" content=\"es_ES\" \/>\n<meta property=\"og:type\" content=\"article\" \/>\n<meta property=\"og:title\" content=\"Estilo y tecnolog\u00eda estar\u00e1n presentes en Sal\u00f3n del Autom\u00f3vil de Santiago - ComparaOnline\" \/>\n<meta property=\"og:description\" content=\"Aqu\u00ed, un anticipo de los modelos que podremos ver en el pr\u00f3ximo motor show.\" \/>\n<meta property=\"og:url\" content=\"https:\/\/www.comparaonline.cl\/blog\/autos\/seguro-automotriz\/aestilo-y-tecnologia-estaran-presentes-en-salon-del-automovil-de-santiago\/\" \/>\n<meta property=\"og:site_name\" content=\"ComparaOnline\" \/>\n<meta property=\"article:publisher\" content=\"https:\/\/www.facebook.com\/comparachile\/\" \/>\n<meta property=\"article:published_time\" content=\"2010-08-09T13:54:40+00:00\" \/>\n<meta property=\"article:modified_time\" content=\"2017-10-06T16:45:17+00:00\" \/>\n<meta property=\"og:image\" content=\"https:\/\/www.comparaonline.cl\/blog\/wp-content\/uploads\/2010\/08\/aston-martin-rapide.jpg\" \/>\n<meta name=\"author\" content=\"Clara Escobar\" \/>\n<meta name=\"twitter:card\" content=\"summary_large_image\" \/>\n<meta name=\"twitter:creator\" content=\"@compara_chile\" \/>\n<meta name=\"twitter:site\" content=\"@compara_chile\" \/>\n<meta name=\"twitter:label1\" content=\"Escrito por\" \/>\n\t<meta name=\"twitter:data1\" content=\"Clara Escobar\" \/>\n\t<meta name=\"twitter:label2\" content=\"Tiempo estimado de lectura\" \/>\n\t<meta name=\"twitter:data2\" content=\"3 minutos\" \/>\n<script type=\"application\/ld+json\" class=\"yoast-schema-graph\">{\"@context\":\"https:\/\/schema.org\",\"@graph\":[{\"@type\":\"Article\",\"@id\":\"https:\/\/www.comparaonline.cl\/blog\/autos\/seguro-automotriz\/aestilo-y-tecnologia-estaran-presentes-en-salon-del-automovil-de-santiago\/#article\",\"isPartOf\":{\"@id\":\"https:\/\/www.comparaonline.cl\/blog\/autos\/seguro-automotriz\/aestilo-y-tecnologia-estaran-presentes-en-salon-del-automovil-de-santiago\/\"},\"author\":{\"name\":\"Clara Escobar\",\"@id\":\"https:\/\/www.comparaonline.cl\/blog\/#\/schema\/person\/2f605442e15d63553e57ec9ee4b9a51f\"},\"headline\":\"Estilo y tecnolog\u00eda estar\u00e1n presentes en Sal\u00f3n del Autom\u00f3vil de Santiago\",\"datePublished\":\"2010-08-09T13:54:40+00:00\",\"dateModified\":\"2017-10-06T16:45:17+00:00\",\"mainEntityOfPage\":{\"@id\":\"https:\/\/www.comparaonline.cl\/blog\/autos\/seguro-automotriz\/aestilo-y-tecnologia-estaran-presentes-en-salon-del-automovil-de-santiago\/\"},\"wordCount\":692,\"commentCount\":0,\"publisher\":{\"@id\":\"https:\/\/www.comparaonline.cl\/blog\/#organization\"},\"image\":{\"@id\":\"https:\/\/www.comparaonline.cl\/blog\/autos\/seguro-automotriz\/aestilo-y-tecnologia-estaran-presentes-en-salon-del-automovil-de-santiago\/#primaryimage\"},\"thumbnailUrl\":\"https:\/\/www.comparaonline.cl\/blog\/wp-content\/uploads\/2010\/08\/aston-martin-rapide.jpg\",\"articleSection\":[\"Seguro Automotriz\"],\"inLanguage\":\"es-CL\",\"potentialAction\":[{\"@type\":\"CommentAction\",\"name\":\"Comment\",\"target\":[\"https:\/\/www.comparaonline.cl\/blog\/autos\/seguro-automotriz\/aestilo-y-tecnologia-estaran-presentes-en-salon-del-automovil-de-santiago\/#respond\"]}]},{\"@type\":\"WebPage\",\"@id\":\"https:\/\/www.comparaonline.cl\/blog\/autos\/seguro-automotriz\/aestilo-y-tecnologia-estaran-presentes-en-salon-del-automovil-de-santiago\/\",\"url\":\"https:\/\/www.comparaonline.cl\/blog\/autos\/seguro-automotriz\/aestilo-y-tecnologia-estaran-presentes-en-salon-del-automovil-de-santiago\/\",\"name\":\"Estilo y tecnolog\u00eda estar\u00e1n presentes en Sal\u00f3n del Autom\u00f3vil de Santiago - ComparaOnline\",\"isPartOf\":{\"@id\":\"https:\/\/www.comparaonline.cl\/blog\/#website\"},\"primaryImageOfPage\":{\"@id\":\"https:\/\/www.comparaonline.cl\/blog\/autos\/seguro-automotriz\/aestilo-y-tecnologia-estaran-presentes-en-salon-del-automovil-de-santiago\/#primaryimage\"},\"image\":{\"@id\":\"https:\/\/www.comparaonline.cl\/blog\/autos\/seguro-automotriz\/aestilo-y-tecnologia-estaran-presentes-en-salon-del-automovil-de-santiago\/#primaryimage\"},\"thumbnailUrl\":\"https:\/\/www.comparaonline.cl\/blog\/wp-content\/uploads\/2010\/08\/aston-martin-rapide.jpg\",\"datePublished\":\"2010-08-09T13:54:40+00:00\",\"dateModified\":\"2017-10-06T16:45:17+00:00\",\"inLanguage\":\"es-CL\",\"potentialAction\":[{\"@type\":\"ReadAction\",\"target\":[\"https:\/\/www.comparaonline.cl\/blog\/autos\/seguro-automotriz\/aestilo-y-tecnologia-estaran-presentes-en-salon-del-automovil-de-santiago\/\"]}]},{\"@type\":\"ImageObject\",\"inLanguage\":\"es-CL\",\"@id\":\"https:\/\/www.comparaonline.cl\/blog\/autos\/seguro-automotriz\/aestilo-y-tecnologia-estaran-presentes-en-salon-del-automovil-de-santiago\/#primaryimage\",\"url\":\"https:\/\/www.comparaonline.cl\/blog\/wp-content\/uploads\/2010\/08\/aston-martin-rapide.jpg\",\"contentUrl\":\"https:\/\/www.comparaonline.cl\/blog\/wp-content\/uploads\/2010\/08\/aston-martin-rapide.jpg\"},{\"@type\":\"WebSite\",\"@id\":\"https:\/\/www.comparaonline.cl\/blog\/#website\",\"url\":\"https:\/\/www.comparaonline.cl\/blog\/\",\"name\":\"ComparaOnline\",\"description\":\"Todo lo que necesitas saber sobre seguros y productos financieros\",\"publisher\":{\"@id\":\"https:\/\/www.comparaonline.cl\/blog\/#organization\"},\"potentialAction\":[{\"@type\":\"SearchAction\",\"target\":{\"@type\":\"EntryPoint\",\"urlTemplate\":\"https:\/\/www.comparaonline.cl\/blog\/?s={search_term_string}\"},\"query-input\":{\"@type\":\"PropertyValueSpecification\",\"valueRequired\":true,\"valueName\":\"search_term_string\"}}],\"inLanguage\":\"es-CL\"},{\"@type\":\"Organization\",\"@id\":\"https:\/\/www.comparaonline.cl\/blog\/#organization\",\"name\":\"Compara\",\"url\":\"https:\/\/www.comparaonline.cl\/blog\/\",\"logo\":{\"@type\":\"ImageObject\",\"inLanguage\":\"es-CL\",\"@id\":\"https:\/\/www.comparaonline.cl\/blog\/#\/schema\/logo\/image\/\",\"url\":\"https:\/\/www.comparaonline.cl\/blog-statics\/cl\/uploads\/2020\/02\/15814375758341.png\",\"contentUrl\":\"https:\/\/www.comparaonline.cl\/blog-statics\/cl\/uploads\/2020\/02\/15814375758341.png\",\"width\":161,\"height\":35,\"caption\":\"Compara\"},\"image\":{\"@id\":\"https:\/\/www.comparaonline.cl\/blog\/#\/schema\/logo\/image\/\"},\"sameAs\":[\"https:\/\/www.facebook.com\/comparachile\/\",\"https:\/\/x.com\/compara_chile\",\"https:\/\/www.instagram.com\/compara_chile\/\",\"https:\/\/www.linkedin.com\/company\/compara\/\",\"http:\/\/www.youtube.com\/c\/ComparaChile\"]},{\"@type\":\"Person\",\"@id\":\"https:\/\/www.comparaonline.cl\/blog\/#\/schema\/person\/2f605442e15d63553e57ec9ee4b9a51f\",\"name\":\"Clara Escobar\",\"image\":{\"@type\":\"ImageObject\",\"inLanguage\":\"es-CL\",\"@id\":\"https:\/\/www.comparaonline.cl\/blog\/#\/schema\/person\/image\/\",\"url\":\"https:\/\/www.comparaonline.cl\/blog-statics\/cl\/uploads\/2020\/02\/Clara-Escobar.jpg\",\"contentUrl\":\"https:\/\/www.comparaonline.cl\/blog-statics\/cl\/uploads\/2020\/02\/Clara-Escobar.jpg\",\"caption\":\"Clara Escobar\"},\"description\":\"Soy periodista y especialista en seguros, sobretodo si tienen que ver con el mundo automotriz. Los autos me gustan desde siempre y, por lo mismo estoy atenta a su mantenimiento y a las coberturas a considerar.\",\"sameAs\":[\"http:\/\/esteesunusuario.ge\/nerico\"],\"url\":\"https:\/\/www.comparaonline.cl\/blog\/author\/clara-escobar\/\"}]}<\/script>\n<!-- \/ Yoast SEO plugin. -->","yoast_head_json":{"title":"Estilo y tecnolog\u00eda estar\u00e1n presentes en Sal\u00f3n del Autom\u00f3vil de Santiago - ComparaOnline","robots":{"index":"index","follow":"follow","max-snippet":"max-snippet:-1","max-image-preview":"max-image-preview:large","max-video-preview":"max-video-preview:-1"},"canonical":"https:\/\/www.comparaonline.cl\/blog\/autos\/seguro-automotriz\/aestilo-y-tecnologia-estaran-presentes-en-salon-del-automovil-de-santiago\/","og_locale":"es_ES","og_type":"article","og_title":"Estilo y tecnolog\u00eda estar\u00e1n presentes en Sal\u00f3n del Autom\u00f3vil de Santiago - ComparaOnline","og_description":"Aqu\u00ed, un anticipo de los modelos que podremos ver en el pr\u00f3ximo motor show.","og_url":"https:\/\/www.comparaonline.cl\/blog\/autos\/seguro-automotriz\/aestilo-y-tecnologia-estaran-presentes-en-salon-del-automovil-de-santiago\/","og_site_name":"ComparaOnline","article_publisher":"https:\/\/www.facebook.com\/comparachile\/","article_published_time":"2010-08-09T13:54:40+00:00","article_modified_time":"2017-10-06T16:45:17+00:00","og_image":[{"url":"https:\/\/www.comparaonline.cl\/blog\/wp-content\/uploads\/2010\/08\/aston-martin-rapide.jpg","type":"","width":"","height":""}],"author":"Clara Escobar","twitter_card":"summary_large_image","twitter_creator":"@compara_chile","twitter_site":"@compara_chile","twitter_misc":{"Escrito por":"Clara Escobar","Tiempo estimado de lectura":"3 minutos"},"schema":{"@context":"https:\/\/schema.org","@graph":[{"@type":"Article","@id":"https:\/\/www.comparaonline.cl\/blog\/autos\/seguro-automotriz\/aestilo-y-tecnologia-estaran-presentes-en-salon-del-automovil-de-santiago\/#article","isPartOf":{"@id":"https:\/\/www.comparaonline.cl\/blog\/autos\/seguro-automotriz\/aestilo-y-tecnologia-estaran-presentes-en-salon-del-automovil-de-santiago\/"},"author":{"name":"Clara Escobar","@id":"https:\/\/www.comparaonline.cl\/blog\/#\/schema\/person\/2f605442e15d63553e57ec9ee4b9a51f"},"headline":"Estilo y tecnolog\u00eda estar\u00e1n presentes en Sal\u00f3n del Autom\u00f3vil de Santiago","datePublished":"2010-08-09T13:54:40+00:00","dateModified":"2017-10-06T16:45:17+00:00","mainEntityOfPage":{"@id":"https:\/\/www.comparaonline.cl\/blog\/autos\/seguro-automotriz\/aestilo-y-tecnologia-estaran-presentes-en-salon-del-automovil-de-santiago\/"},"wordCount":692,"commentCount":0,"publisher":{"@id":"https:\/\/www.comparaonline.cl\/blog\/#organization"},"image":{"@id":"https:\/\/www.comparaonline.cl\/blog\/autos\/seguro-automotriz\/aestilo-y-tecnologia-estaran-presentes-en-salon-del-automovil-de-santiago\/#primaryimage"},"thumbnailUrl":"https:\/\/www.comparaonline.cl\/blog\/wp-content\/uploads\/2010\/08\/aston-martin-rapide.jpg","articleSection":["Seguro Automotriz"],"inLanguage":"es-CL","potentialAction":[{"@type":"CommentAction","name":"Comment","target":["https:\/\/www.comparaonline.cl\/blog\/autos\/seguro-automotriz\/aestilo-y-tecnologia-estaran-presentes-en-salon-del-automovil-de-santiago\/#respond"]}]},{"@type":"WebPage","@id":"https:\/\/www.comparaonline.cl\/blog\/autos\/seguro-automotriz\/aestilo-y-tecnologia-estaran-presentes-en-salon-del-automovil-de-santiago\/","url":"https:\/\/www.comparaonline.cl\/blog\/autos\/seguro-automotriz\/aestilo-y-tecnologia-estaran-presentes-en-salon-del-automovil-de-santiago\/","name":"Estilo y tecnolog\u00eda estar\u00e1n presentes en Sal\u00f3n del Autom\u00f3vil de Santiago - ComparaOnline","isPartOf":{"@id":"https:\/\/www.comparaonline.cl\/blog\/#website"},"primaryImageOfPage":{"@id":"https:\/\/www.comparaonline.cl\/blog\/autos\/seguro-automotriz\/aestilo-y-tecnologia-estaran-presentes-en-salon-del-automovil-de-santiago\/#primaryimage"},"image":{"@id":"https:\/\/www.comparaonline.cl\/blog\/autos\/seguro-automotriz\/aestilo-y-tecnologia-estaran-presentes-en-salon-del-automovil-de-santiago\/#primaryimage"},"thumbnailUrl":"https:\/\/www.comparaonline.cl\/blog\/wp-content\/uploads\/2010\/08\/aston-martin-rapide.jpg","datePublished":"2010-08-09T13:54:40+00:00","dateModified":"2017-10-06T16:45:17+00:00","inLanguage":"es-CL","potentialAction":[{"@type":"ReadAction","target":["https:\/\/www.comparaonline.cl\/blog\/autos\/seguro-automotriz\/aestilo-y-tecnologia-estaran-presentes-en-salon-del-automovil-de-santiago\/"]}]},{"@type":"ImageObject","inLanguage":"es-CL","@id":"https:\/\/www.comparaonline.cl\/blog\/autos\/seguro-automotriz\/aestilo-y-tecnologia-estaran-presentes-en-salon-del-automovil-de-santiago\/#primaryimage","url":"https:\/\/www.comparaonline.cl\/blog\/wp-content\/uploads\/2010\/08\/aston-martin-rapide.jpg","contentUrl":"https:\/\/www.comparaonline.cl\/blog\/wp-content\/uploads\/2010\/08\/aston-martin-rapide.jpg"},{"@type":"WebSite","@id":"https:\/\/www.comparaonline.cl\/blog\/#website","url":"https:\/\/www.comparaonline.cl\/blog\/","name":"ComparaOnline","description":"Todo lo que necesitas saber sobre seguros y productos financieros","publisher":{"@id":"https:\/\/www.comparaonline.cl\/blog\/#organization"},"potentialAction":[{"@type":"SearchAction","target":{"@type":"EntryPoint","urlTemplate":"https:\/\/www.comparaonline.cl\/blog\/?s={search_term_string}"},"query-input":{"@type":"PropertyValueSpecification","valueRequired":true,"valueName":"search_term_string"}}],"inLanguage":"es-CL"},{"@type":"Organization","@id":"https:\/\/www.comparaonline.cl\/blog\/#organization","name":"Compara","url":"https:\/\/www.comparaonline.cl\/blog\/","logo":{"@type":"ImageObject","inLanguage":"es-CL","@id":"https:\/\/www.comparaonline.cl\/blog\/#\/schema\/logo\/image\/","url":"https:\/\/www.comparaonline.cl\/blog-statics\/cl\/uploads\/2020\/02\/15814375758341.png","contentUrl":"https:\/\/www.comparaonline.cl\/blog-statics\/cl\/uploads\/2020\/02\/15814375758341.png","width":161,"height":35,"caption":"Compara"},"image":{"@id":"https:\/\/www.comparaonline.cl\/blog\/#\/schema\/logo\/image\/"},"sameAs":["https:\/\/www.facebook.com\/comparachile\/","https:\/\/x.com\/compara_chile","https:\/\/www.instagram.com\/compara_chile\/","https:\/\/www.linkedin.com\/company\/compara\/","http:\/\/www.youtube.com\/c\/ComparaChile"]},{"@type":"Person","@id":"https:\/\/www.comparaonline.cl\/blog\/#\/schema\/person\/2f605442e15d63553e57ec9ee4b9a51f","name":"Clara Escobar","image":{"@type":"ImageObject","inLanguage":"es-CL","@id":"https:\/\/www.comparaonline.cl\/blog\/#\/schema\/person\/image\/","url":"https:\/\/www.comparaonline.cl\/blog-statics\/cl\/uploads\/2020\/02\/Clara-Escobar.jpg","contentUrl":"https:\/\/www.comparaonline.cl\/blog-statics\/cl\/uploads\/2020\/02\/Clara-Escobar.jpg","caption":"Clara Escobar"},"description":"Soy periodista y especialista en seguros, sobretodo si tienen que ver con el mundo automotriz. Los autos me gustan desde siempre y, por lo mismo estoy atenta a su mantenimiento y a las coberturas a considerar.","sameAs":["http:\/\/esteesunusuario.ge\/nerico"],"url":"https:\/\/www.comparaonline.cl\/blog\/author\/clara-escobar\/"}]}},"_links":{"self":[{"href":"https:\/\/www.comparaonline.cl\/blog\/wp-json\/wp\/v2\/posts\/3573","targetHints":{"allow":["GET"]}}],"collection":[{"href":"https:\/\/www.comparaonline.cl\/blog\/wp-json\/wp\/v2\/posts"}],"about":[{"href":"https:\/\/www.comparaonline.cl\/blog\/wp-json\/wp\/v2\/types\/post"}],"author":[{"embeddable":true,"href":"https:\/\/www.comparaonline.cl\/blog\/wp-json\/wp\/v2\/users\/45"}],"replies":[{"embeddable":true,"href":"https:\/\/www.comparaonline.cl\/blog\/wp-json\/wp\/v2\/comments?post=3573"}],"version-history":[{"count":0,"href":"https:\/\/www.comparaonline.cl\/blog\/wp-json\/wp\/v2\/posts\/3573\/revisions"}],"wp:attachment":[{"href":"https:\/\/www.comparaonline.cl\/blog\/wp-json\/wp\/v2\/media?parent=3573"}],"wp:term":[{"taxonomy":"category","embeddable":true,"href":"https:\/\/www.comparaonline.cl\/blog\/wp-json\/wp\/v2\/categories?post=3573"},{"taxonomy":"post_tag","embeddable":true,"href":"https:\/\/www.comparaonline.cl\/blog\/wp-json\/wp\/v2\/tags?post=3573"}],"curies":[{"name":"wp","href":"https:\/\/api.w.org\/{rel}","templated":true}]}}