{"id":2230,"date":"2010-03-04T11:29:47","date_gmt":"2010-03-04T11:29:47","guid":{"rendered":"http:\/\/www.comparaonline.com\/prensa\/?p=2230"},"modified":"2017-10-06T13:45:29","modified_gmt":"2017-10-06T16:45:29","slug":"shakira-agito-el-salon-del-automovil-de-ginebra","status":"publish","type":"post","link":"https:\/\/www.comparaonline.cl\/blog\/autos\/seguro-automotriz\/shakira-agito-el-salon-del-automovil-de-ginebra\/","title":{"rendered":"Shakira agit\u00f3 el Sal\u00f3n del Autom\u00f3vil de Ginebra"},"content":{"rendered":"<p><strong> <\/strong><\/p>\n<figure id=\"attachment_2233\" aria-describedby=\"caption-attachment-2233\" style=\"width: 332px\" class=\"wp-caption alignleft\"><strong> <\/strong><strong><img loading='lazy' decoding='async' onerror='gen_methods.imageFailed(this)' loading=\"lazy\" decoding=\"async\" class=\"size-full wp-image-2233\" title=\"shakira\" src=\"https:\/\/www.comparaonline.cl\/blog\/wp-content\/uploads\/2010\/03\/shakira_g.jpg\" alt=\"Interpret\u00f3 \u201cGypsy\u201d. (Foto: Agencias)\" width=\"332\" height=\"220\" \/><\/strong><figcaption id=\"caption-attachment-2233\" class=\"wp-caption-text\">Interpret\u00f3 \u201cGypsy\u201d. (Foto: Agencias)<\/figcaption><\/figure>\n<p><strong>Shakira cautiv\u00f3 ayer a los expertos y prensa asistentes al Sal\u00f3n del Autom\u00f3vil de Ginebra, Suiza, con su encanto y con la interpretaci\u00f3n de su nuevo sencillo \u201cGypsy\u201d<\/strong>, en el pabell\u00f3n de una de las marcas presentes en esta feria internacional.<\/p>\n<p>Alrededor de un millar de personas \u2014pese a que el sal\u00f3n abrir\u00e1 hoy al p\u00fablico\u2014 se agolp\u00f3 en los aleda\u00f1os de la caseta de la espa\u00f1ola Seat para presenciar en vivo la interpretaci\u00f3n de la nueva canci\u00f3n de Shakira, en cuyo v\u00eddeo aparece en actitud sensual con Rafael Nadal.<\/p>\n<p><strong>El ritmo contagioso de \u201cGypsy\u201d y su optimista melod\u00eda animaron a los seguidores de la artista colombiana<\/strong>, quien tambi\u00e9n recibi\u00f3 aplausos tras explicar las labores de su Fundaci\u00f3n \u201cPies descalzos\u201d en defensa de la ni\u00f1ez en Latinoam\u00e9rica.<\/p>\n<p>Shakira fue distinguida poco despu\u00e9s por la Organizaci\u00f3n Internacional del Trabajo (OIT), que entreg\u00f3 a la cantante y activista una medalla por su trabajo a favor de la justicia social.<\/p>\n","protected":false},"excerpt":{"rendered":"<p>La colombiana interpret\u00f3 uno de sus temas en el pabell\u00f3n de una de las marcas del evento.<\/p>\n","protected":false},"author":45,"featured_media":0,"comment_status":"open","ping_status":"open","sticky":false,"template":"","format":"standard","meta":{"footnotes":""},"categories":[1277],"tags":[],"class_list":["post-2230","post","type-post","status-publish","format-standard","hentry","category-seguro-automotriz"],"yoast_head":"<!-- This site is optimized with the Yoast SEO plugin v26.9 - https:\/\/yoast.com\/product\/yoast-seo-wordpress\/ -->\n<title>Shakira agit\u00f3 el Sal\u00f3n del Autom\u00f3vil de Ginebra - ComparaOnline<\/title>\n<meta name=\"robots\" content=\"index, follow, max-snippet:-1, max-image-preview:large, max-video-preview:-1\" \/>\n<link rel=\"canonical\" href=\"https:\/\/www.comparaonline.cl\/blog\/autos\/seguro-automotriz\/shakira-agito-el-salon-del-automovil-de-ginebra\/\" \/>\n<meta property=\"og:locale\" content=\"es_ES\" \/>\n<meta property=\"og:type\" content=\"article\" \/>\n<meta property=\"og:title\" content=\"Shakira agit\u00f3 el Sal\u00f3n del Autom\u00f3vil de Ginebra - ComparaOnline\" \/>\n<meta property=\"og:description\" content=\"La colombiana interpret\u00f3 uno de sus temas en el pabell\u00f3n de una de las marcas del evento.\" \/>\n<meta property=\"og:url\" content=\"https:\/\/www.comparaonline.cl\/blog\/autos\/seguro-automotriz\/shakira-agito-el-salon-del-automovil-de-ginebra\/\" \/>\n<meta property=\"og:site_name\" content=\"ComparaOnline\" \/>\n<meta property=\"article:publisher\" content=\"https:\/\/www.facebook.com\/comparachile\/\" \/>\n<meta property=\"article:published_time\" content=\"2010-03-04T11:29:47+00:00\" \/>\n<meta property=\"article:modified_time\" content=\"2017-10-06T16:45:29+00:00\" \/>\n<meta property=\"og:image\" content=\"https:\/\/www.comparaonline.cl\/blog\/wp-content\/uploads\/2010\/03\/shakira_g.jpg\" \/>\n<meta name=\"author\" content=\"Clara Escobar\" \/>\n<meta name=\"twitter:card\" content=\"summary_large_image\" \/>\n<meta name=\"twitter:creator\" content=\"@compara_chile\" \/>\n<meta name=\"twitter:site\" content=\"@compara_chile\" \/>\n<meta name=\"twitter:label1\" content=\"Escrito por\" \/>\n\t<meta name=\"twitter:data1\" content=\"Clara Escobar\" \/>\n\t<meta name=\"twitter:label2\" content=\"Tiempo estimado de lectura\" \/>\n\t<meta name=\"twitter:data2\" content=\"1 minuto\" \/>\n<script type=\"application\/ld+json\" class=\"yoast-schema-graph\">{\"@context\":\"https:\/\/schema.org\",\"@graph\":[{\"@type\":\"Article\",\"@id\":\"https:\/\/www.comparaonline.cl\/blog\/autos\/seguro-automotriz\/shakira-agito-el-salon-del-automovil-de-ginebra\/#article\",\"isPartOf\":{\"@id\":\"https:\/\/www.comparaonline.cl\/blog\/autos\/seguro-automotriz\/shakira-agito-el-salon-del-automovil-de-ginebra\/\"},\"author\":{\"name\":\"Clara Escobar\",\"@id\":\"https:\/\/www.comparaonline.cl\/blog\/#\/schema\/person\/2f605442e15d63553e57ec9ee4b9a51f\"},\"headline\":\"Shakira agit\u00f3 el Sal\u00f3n del Autom\u00f3vil de Ginebra\",\"datePublished\":\"2010-03-04T11:29:47+00:00\",\"dateModified\":\"2017-10-06T16:45:29+00:00\",\"mainEntityOfPage\":{\"@id\":\"https:\/\/www.comparaonline.cl\/blog\/autos\/seguro-automotriz\/shakira-agito-el-salon-del-automovil-de-ginebra\/\"},\"wordCount\":197,\"commentCount\":0,\"publisher\":{\"@id\":\"https:\/\/www.comparaonline.cl\/blog\/#organization\"},\"image\":{\"@id\":\"https:\/\/www.comparaonline.cl\/blog\/autos\/seguro-automotriz\/shakira-agito-el-salon-del-automovil-de-ginebra\/#primaryimage\"},\"thumbnailUrl\":\"https:\/\/www.comparaonline.cl\/blog\/wp-content\/uploads\/2010\/03\/shakira_g.jpg\",\"articleSection\":[\"Seguro Automotriz\"],\"inLanguage\":\"es-CL\",\"potentialAction\":[{\"@type\":\"CommentAction\",\"name\":\"Comment\",\"target\":[\"https:\/\/www.comparaonline.cl\/blog\/autos\/seguro-automotriz\/shakira-agito-el-salon-del-automovil-de-ginebra\/#respond\"]}]},{\"@type\":\"WebPage\",\"@id\":\"https:\/\/www.comparaonline.cl\/blog\/autos\/seguro-automotriz\/shakira-agito-el-salon-del-automovil-de-ginebra\/\",\"url\":\"https:\/\/www.comparaonline.cl\/blog\/autos\/seguro-automotriz\/shakira-agito-el-salon-del-automovil-de-ginebra\/\",\"name\":\"Shakira agit\u00f3 el Sal\u00f3n del Autom\u00f3vil de Ginebra - ComparaOnline\",\"isPartOf\":{\"@id\":\"https:\/\/www.comparaonline.cl\/blog\/#website\"},\"primaryImageOfPage\":{\"@id\":\"https:\/\/www.comparaonline.cl\/blog\/autos\/seguro-automotriz\/shakira-agito-el-salon-del-automovil-de-ginebra\/#primaryimage\"},\"image\":{\"@id\":\"https:\/\/www.comparaonline.cl\/blog\/autos\/seguro-automotriz\/shakira-agito-el-salon-del-automovil-de-ginebra\/#primaryimage\"},\"thumbnailUrl\":\"https:\/\/www.comparaonline.cl\/blog\/wp-content\/uploads\/2010\/03\/shakira_g.jpg\",\"datePublished\":\"2010-03-04T11:29:47+00:00\",\"dateModified\":\"2017-10-06T16:45:29+00:00\",\"inLanguage\":\"es-CL\",\"potentialAction\":[{\"@type\":\"ReadAction\",\"target\":[\"https:\/\/www.comparaonline.cl\/blog\/autos\/seguro-automotriz\/shakira-agito-el-salon-del-automovil-de-ginebra\/\"]}]},{\"@type\":\"ImageObject\",\"inLanguage\":\"es-CL\",\"@id\":\"https:\/\/www.comparaonline.cl\/blog\/autos\/seguro-automotriz\/shakira-agito-el-salon-del-automovil-de-ginebra\/#primaryimage\",\"url\":\"https:\/\/www.comparaonline.cl\/blog\/wp-content\/uploads\/2010\/03\/shakira_g.jpg\",\"contentUrl\":\"https:\/\/www.comparaonline.cl\/blog\/wp-content\/uploads\/2010\/03\/shakira_g.jpg\"},{\"@type\":\"WebSite\",\"@id\":\"https:\/\/www.comparaonline.cl\/blog\/#website\",\"url\":\"https:\/\/www.comparaonline.cl\/blog\/\",\"name\":\"ComparaOnline\",\"description\":\"Todo lo que necesitas saber sobre seguros y productos financieros\",\"publisher\":{\"@id\":\"https:\/\/www.comparaonline.cl\/blog\/#organization\"},\"potentialAction\":[{\"@type\":\"SearchAction\",\"target\":{\"@type\":\"EntryPoint\",\"urlTemplate\":\"https:\/\/www.comparaonline.cl\/blog\/?s={search_term_string}\"},\"query-input\":{\"@type\":\"PropertyValueSpecification\",\"valueRequired\":true,\"valueName\":\"search_term_string\"}}],\"inLanguage\":\"es-CL\"},{\"@type\":\"Organization\",\"@id\":\"https:\/\/www.comparaonline.cl\/blog\/#organization\",\"name\":\"Compara\",\"url\":\"https:\/\/www.comparaonline.cl\/blog\/\",\"logo\":{\"@type\":\"ImageObject\",\"inLanguage\":\"es-CL\",\"@id\":\"https:\/\/www.comparaonline.cl\/blog\/#\/schema\/logo\/image\/\",\"url\":\"https:\/\/www.comparaonline.cl\/blog-statics\/cl\/uploads\/2020\/02\/15814375758341.png\",\"contentUrl\":\"https:\/\/www.comparaonline.cl\/blog-statics\/cl\/uploads\/2020\/02\/15814375758341.png\",\"width\":161,\"height\":35,\"caption\":\"Compara\"},\"image\":{\"@id\":\"https:\/\/www.comparaonline.cl\/blog\/#\/schema\/logo\/image\/\"},\"sameAs\":[\"https:\/\/www.facebook.com\/comparachile\/\",\"https:\/\/x.com\/compara_chile\",\"https:\/\/www.instagram.com\/compara_chile\/\",\"https:\/\/www.linkedin.com\/company\/compara\/\",\"http:\/\/www.youtube.com\/c\/ComparaChile\"]},{\"@type\":\"Person\",\"@id\":\"https:\/\/www.comparaonline.cl\/blog\/#\/schema\/person\/2f605442e15d63553e57ec9ee4b9a51f\",\"name\":\"Clara Escobar\",\"image\":{\"@type\":\"ImageObject\",\"inLanguage\":\"es-CL\",\"@id\":\"https:\/\/www.comparaonline.cl\/blog\/#\/schema\/person\/image\/\",\"url\":\"https:\/\/www.comparaonline.cl\/blog-statics\/cl\/uploads\/2020\/02\/Clara-Escobar.jpg\",\"contentUrl\":\"https:\/\/www.comparaonline.cl\/blog-statics\/cl\/uploads\/2020\/02\/Clara-Escobar.jpg\",\"caption\":\"Clara Escobar\"},\"description\":\"Soy periodista y especialista en seguros, sobretodo si tienen que ver con el mundo automotriz. Los autos me gustan desde siempre y, por lo mismo estoy atenta a su mantenimiento y a las coberturas a considerar.\",\"sameAs\":[\"http:\/\/esteesunusuario.ge\/nerico\"],\"url\":\"https:\/\/www.comparaonline.cl\/blog\/author\/clara-escobar\/\"}]}<\/script>\n<!-- \/ Yoast SEO plugin. -->","yoast_head_json":{"title":"Shakira agit\u00f3 el Sal\u00f3n del Autom\u00f3vil de Ginebra - ComparaOnline","robots":{"index":"index","follow":"follow","max-snippet":"max-snippet:-1","max-image-preview":"max-image-preview:large","max-video-preview":"max-video-preview:-1"},"canonical":"https:\/\/www.comparaonline.cl\/blog\/autos\/seguro-automotriz\/shakira-agito-el-salon-del-automovil-de-ginebra\/","og_locale":"es_ES","og_type":"article","og_title":"Shakira agit\u00f3 el Sal\u00f3n del Autom\u00f3vil de Ginebra - ComparaOnline","og_description":"La colombiana interpret\u00f3 uno de sus temas en el pabell\u00f3n de una de las marcas del evento.","og_url":"https:\/\/www.comparaonline.cl\/blog\/autos\/seguro-automotriz\/shakira-agito-el-salon-del-automovil-de-ginebra\/","og_site_name":"ComparaOnline","article_publisher":"https:\/\/www.facebook.com\/comparachile\/","article_published_time":"2010-03-04T11:29:47+00:00","article_modified_time":"2017-10-06T16:45:29+00:00","og_image":[{"url":"https:\/\/www.comparaonline.cl\/blog\/wp-content\/uploads\/2010\/03\/shakira_g.jpg","type":"","width":"","height":""}],"author":"Clara Escobar","twitter_card":"summary_large_image","twitter_creator":"@compara_chile","twitter_site":"@compara_chile","twitter_misc":{"Escrito por":"Clara Escobar","Tiempo estimado de lectura":"1 minuto"},"schema":{"@context":"https:\/\/schema.org","@graph":[{"@type":"Article","@id":"https:\/\/www.comparaonline.cl\/blog\/autos\/seguro-automotriz\/shakira-agito-el-salon-del-automovil-de-ginebra\/#article","isPartOf":{"@id":"https:\/\/www.comparaonline.cl\/blog\/autos\/seguro-automotriz\/shakira-agito-el-salon-del-automovil-de-ginebra\/"},"author":{"name":"Clara Escobar","@id":"https:\/\/www.comparaonline.cl\/blog\/#\/schema\/person\/2f605442e15d63553e57ec9ee4b9a51f"},"headline":"Shakira agit\u00f3 el Sal\u00f3n del Autom\u00f3vil de Ginebra","datePublished":"2010-03-04T11:29:47+00:00","dateModified":"2017-10-06T16:45:29+00:00","mainEntityOfPage":{"@id":"https:\/\/www.comparaonline.cl\/blog\/autos\/seguro-automotriz\/shakira-agito-el-salon-del-automovil-de-ginebra\/"},"wordCount":197,"commentCount":0,"publisher":{"@id":"https:\/\/www.comparaonline.cl\/blog\/#organization"},"image":{"@id":"https:\/\/www.comparaonline.cl\/blog\/autos\/seguro-automotriz\/shakira-agito-el-salon-del-automovil-de-ginebra\/#primaryimage"},"thumbnailUrl":"https:\/\/www.comparaonline.cl\/blog\/wp-content\/uploads\/2010\/03\/shakira_g.jpg","articleSection":["Seguro Automotriz"],"inLanguage":"es-CL","potentialAction":[{"@type":"CommentAction","name":"Comment","target":["https:\/\/www.comparaonline.cl\/blog\/autos\/seguro-automotriz\/shakira-agito-el-salon-del-automovil-de-ginebra\/#respond"]}]},{"@type":"WebPage","@id":"https:\/\/www.comparaonline.cl\/blog\/autos\/seguro-automotriz\/shakira-agito-el-salon-del-automovil-de-ginebra\/","url":"https:\/\/www.comparaonline.cl\/blog\/autos\/seguro-automotriz\/shakira-agito-el-salon-del-automovil-de-ginebra\/","name":"Shakira agit\u00f3 el Sal\u00f3n del Autom\u00f3vil de Ginebra - ComparaOnline","isPartOf":{"@id":"https:\/\/www.comparaonline.cl\/blog\/#website"},"primaryImageOfPage":{"@id":"https:\/\/www.comparaonline.cl\/blog\/autos\/seguro-automotriz\/shakira-agito-el-salon-del-automovil-de-ginebra\/#primaryimage"},"image":{"@id":"https:\/\/www.comparaonline.cl\/blog\/autos\/seguro-automotriz\/shakira-agito-el-salon-del-automovil-de-ginebra\/#primaryimage"},"thumbnailUrl":"https:\/\/www.comparaonline.cl\/blog\/wp-content\/uploads\/2010\/03\/shakira_g.jpg","datePublished":"2010-03-04T11:29:47+00:00","dateModified":"2017-10-06T16:45:29+00:00","inLanguage":"es-CL","potentialAction":[{"@type":"ReadAction","target":["https:\/\/www.comparaonline.cl\/blog\/autos\/seguro-automotriz\/shakira-agito-el-salon-del-automovil-de-ginebra\/"]}]},{"@type":"ImageObject","inLanguage":"es-CL","@id":"https:\/\/www.comparaonline.cl\/blog\/autos\/seguro-automotriz\/shakira-agito-el-salon-del-automovil-de-ginebra\/#primaryimage","url":"https:\/\/www.comparaonline.cl\/blog\/wp-content\/uploads\/2010\/03\/shakira_g.jpg","contentUrl":"https:\/\/www.comparaonline.cl\/blog\/wp-content\/uploads\/2010\/03\/shakira_g.jpg"},{"@type":"WebSite","@id":"https:\/\/www.comparaonline.cl\/blog\/#website","url":"https:\/\/www.comparaonline.cl\/blog\/","name":"ComparaOnline","description":"Todo lo que necesitas saber sobre seguros y productos financieros","publisher":{"@id":"https:\/\/www.comparaonline.cl\/blog\/#organization"},"potentialAction":[{"@type":"SearchAction","target":{"@type":"EntryPoint","urlTemplate":"https:\/\/www.comparaonline.cl\/blog\/?s={search_term_string}"},"query-input":{"@type":"PropertyValueSpecification","valueRequired":true,"valueName":"search_term_string"}}],"inLanguage":"es-CL"},{"@type":"Organization","@id":"https:\/\/www.comparaonline.cl\/blog\/#organization","name":"Compara","url":"https:\/\/www.comparaonline.cl\/blog\/","logo":{"@type":"ImageObject","inLanguage":"es-CL","@id":"https:\/\/www.comparaonline.cl\/blog\/#\/schema\/logo\/image\/","url":"https:\/\/www.comparaonline.cl\/blog-statics\/cl\/uploads\/2020\/02\/15814375758341.png","contentUrl":"https:\/\/www.comparaonline.cl\/blog-statics\/cl\/uploads\/2020\/02\/15814375758341.png","width":161,"height":35,"caption":"Compara"},"image":{"@id":"https:\/\/www.comparaonline.cl\/blog\/#\/schema\/logo\/image\/"},"sameAs":["https:\/\/www.facebook.com\/comparachile\/","https:\/\/x.com\/compara_chile","https:\/\/www.instagram.com\/compara_chile\/","https:\/\/www.linkedin.com\/company\/compara\/","http:\/\/www.youtube.com\/c\/ComparaChile"]},{"@type":"Person","@id":"https:\/\/www.comparaonline.cl\/blog\/#\/schema\/person\/2f605442e15d63553e57ec9ee4b9a51f","name":"Clara Escobar","image":{"@type":"ImageObject","inLanguage":"es-CL","@id":"https:\/\/www.comparaonline.cl\/blog\/#\/schema\/person\/image\/","url":"https:\/\/www.comparaonline.cl\/blog-statics\/cl\/uploads\/2020\/02\/Clara-Escobar.jpg","contentUrl":"https:\/\/www.comparaonline.cl\/blog-statics\/cl\/uploads\/2020\/02\/Clara-Escobar.jpg","caption":"Clara Escobar"},"description":"Soy periodista y especialista en seguros, sobretodo si tienen que ver con el mundo automotriz. Los autos me gustan desde siempre y, por lo mismo estoy atenta a su mantenimiento y a las coberturas a considerar.","sameAs":["http:\/\/esteesunusuario.ge\/nerico"],"url":"https:\/\/www.comparaonline.cl\/blog\/author\/clara-escobar\/"}]}},"_links":{"self":[{"href":"https:\/\/www.comparaonline.cl\/blog\/wp-json\/wp\/v2\/posts\/2230","targetHints":{"allow":["GET"]}}],"collection":[{"href":"https:\/\/www.comparaonline.cl\/blog\/wp-json\/wp\/v2\/posts"}],"about":[{"href":"https:\/\/www.comparaonline.cl\/blog\/wp-json\/wp\/v2\/types\/post"}],"author":[{"embeddable":true,"href":"https:\/\/www.comparaonline.cl\/blog\/wp-json\/wp\/v2\/users\/45"}],"replies":[{"embeddable":true,"href":"https:\/\/www.comparaonline.cl\/blog\/wp-json\/wp\/v2\/comments?post=2230"}],"version-history":[{"count":0,"href":"https:\/\/www.comparaonline.cl\/blog\/wp-json\/wp\/v2\/posts\/2230\/revisions"}],"wp:attachment":[{"href":"https:\/\/www.comparaonline.cl\/blog\/wp-json\/wp\/v2\/media?parent=2230"}],"wp:term":[{"taxonomy":"category","embeddable":true,"href":"https:\/\/www.comparaonline.cl\/blog\/wp-json\/wp\/v2\/categories?post=2230"},{"taxonomy":"post_tag","embeddable":true,"href":"https:\/\/www.comparaonline.cl\/blog\/wp-json\/wp\/v2\/tags?post=2230"}],"curies":[{"name":"wp","href":"https:\/\/api.w.org\/{rel}","templated":true}]}}