{"id":1962,"date":"2010-01-12T09:56:00","date_gmt":"2010-01-12T09:56:00","guid":{"rendered":"http:\/\/www.comparaonline.com\/prensa\/?p=1962"},"modified":"2013-04-24T20:56:08","modified_gmt":"2013-04-24T20:56:08","slug":"expertos-afirman-que-es-inadecuado-cerrar-ventilaciones-del-auto-en-caminos-de-tierra","status":"publish","type":"post","link":"https:\/\/www.comparaonline.cl\/blog\/autos\/seguro-automotriz\/expertos-afirman-que-es-inadecuado-cerrar-ventilaciones-del-auto-en-caminos-de-tierra\/","title":{"rendered":"Es inadecuado cerrar ventilaciones del auto en caminos de tierra"},"content":{"rendered":"<figure id=\"attachment_1963\" aria-describedby=\"caption-attachment-1963\" style=\"width: 332px\" class=\"wp-caption alignleft\"><img loading='lazy' decoding='async' onerror='gen_methods.imageFailed(this)' loading=\"lazy\" decoding=\"async\" class=\"size-full wp-image-1963\" title=\"Conducir en caminos de tierra\" src=\"https:\/\/www.comparaonline.cl\/blog\/wp-content\/uploads\/2010\/01\/conducir-en-caminos-de-tierra.jpg\" alt=\"Un viaje con polvo en la cabina podr\u00eda ser muy molesto. \" width=\"332\" height=\"220\" \/><figcaption id=\"caption-attachment-1963\" class=\"wp-caption-text\">Un viaje con polvo en la cabina podr\u00eda ser muy molesto. <\/figcaption><\/figure>\n<p><strong>\u00bfCon cu\u00e1ntos caminos de tierra nos topamos cada vez que salimos de vacaciones? Varios.<br \/>\n<\/strong> Sobre todo si eres de esas personas que prefieren paseos m\u00e1s arriesgados y aventureros. Justamente para ellos hay varios consejos que derriban algunos mitos de la conducci\u00f3n en tierra.<\/p>\n<p>Seg\u00fan la Concesionaria de Nissan Marubeni, Carlos Verdugo, <strong>transitar por un camino de \u201ctrumao\u201d o polvo fino y cerrar totalmente la ventilaci\u00f3n del veh\u00edculo para que el polvillo no entre al interior del habit\u00e1culo, tal como lo hace el com\u00fan de los conductores, es un acto inadecuado. <\/strong><\/p>\n<p>\u00bfLa raz\u00f3n?<strong> El auto desplaza el aire a su paso provocando zonas de vac\u00edo detr\u00e1s de \u00e9ste<\/strong>, como en los tapabarros, manillas, bordes de puertas o cualquier otro relieve. <strong>En estas zonas y a trav\u00e9s de cualquier perforaci\u00f3n <\/strong>como lumbreras o gomas de las puertas \u2013que est\u00e1n en constante movimiento en un camino de tierra\u2013 <strong>se cuela el polvo y ensucia el interior de las puertas y el habit\u00e1culo. <\/strong>Ocurre algo similar a si llev\u00e1ramos las ventanas abiertas.<\/p>\n<p>Por esto y para minimizar la cantidad de tierra que entra a la cabina de auto, <strong>debes crear una presi\u00f3n positiva en el interior forzando aire a presi\u00f3n, el cual evitar\u00e1 que entre el polvo. Si tienes alg\u00fan agujero o rendija, permites que salga aire y no entre tierra. <\/strong><br \/>\n<strong><br \/>\nC\u00f3mo hacerlo en cuatro pasos<\/strong><\/p>\n<p>1. Cierra todas las ventanas.<\/p>\n<p>2. Abre el aire fresco de la ventilaci\u00f3n de la calefacci\u00f3n.<\/p>\n<p>3. Enciende el ventilador al m\u00e1ximo y deja abiertas todas las bocas de salida del aire.<\/p>\n<p>4. Ajusta el control de la temperatura de la calefacci\u00f3n, o aire acondicionado si tienes, seg\u00fan las condiciones ambientales.<\/p>\n","protected":false},"excerpt":{"rendered":"<p>Expertos dan consejos para no llenar de polvo la cabina del veh\u00edculo.<\/p>\n","protected":false},"author":45,"featured_media":0,"comment_status":"open","ping_status":"open","sticky":false,"template":"","format":"standard","meta":{"footnotes":""},"categories":[1277],"tags":[],"class_list":["post-1962","post","type-post","status-publish","format-standard","hentry","category-seguro-automotriz"],"yoast_head":"<!-- This site is optimized with the Yoast SEO plugin v26.9 - https:\/\/yoast.com\/product\/yoast-seo-wordpress\/ -->\n<title>Es inadecuado cerrar ventilaciones del auto en caminos de tierra - ComparaOnline<\/title>\n<meta name=\"robots\" content=\"index, follow, max-snippet:-1, max-image-preview:large, max-video-preview:-1\" \/>\n<link rel=\"canonical\" href=\"https:\/\/www.comparaonline.cl\/blog\/autos\/seguro-automotriz\/expertos-afirman-que-es-inadecuado-cerrar-ventilaciones-del-auto-en-caminos-de-tierra\/\" \/>\n<meta property=\"og:locale\" content=\"es_ES\" \/>\n<meta property=\"og:type\" content=\"article\" \/>\n<meta property=\"og:title\" content=\"Es inadecuado cerrar ventilaciones del auto en caminos de tierra - ComparaOnline\" \/>\n<meta property=\"og:description\" content=\"Expertos dan consejos para no llenar de polvo la cabina del veh\u00edculo.\" \/>\n<meta property=\"og:url\" content=\"https:\/\/www.comparaonline.cl\/blog\/amp\/autos\/seguro-automotriz\/expertos-afirman-que-es-inadecuado-cerrar-ventilaciones-del-auto-en-caminos-de-tierra\/\" \/>\n<meta property=\"og:site_name\" content=\"ComparaOnline\" \/>\n<meta property=\"article:publisher\" content=\"https:\/\/www.facebook.com\/comparachile\/\" \/>\n<meta property=\"article:published_time\" content=\"2010-01-12T09:56:00+00:00\" \/>\n<meta property=\"article:modified_time\" content=\"2013-04-24T20:56:08+00:00\" \/>\n<meta property=\"og:image\" content=\"https:\/\/www.comparaonline.cl\/blog\/wp-content\/uploads\/2010\/01\/conducir-en-caminos-de-tierra.jpg\" \/>\n<meta name=\"author\" content=\"Clara Escobar\" \/>\n<meta name=\"twitter:card\" content=\"summary_large_image\" \/>\n<meta name=\"twitter:creator\" content=\"@compara_chile\" \/>\n<meta name=\"twitter:site\" content=\"@compara_chile\" \/>\n<meta name=\"twitter:label1\" content=\"Escrito por\" \/>\n\t<meta name=\"twitter:data1\" content=\"Clara Escobar\" \/>\n\t<meta name=\"twitter:label2\" content=\"Tiempo estimado de lectura\" \/>\n\t<meta name=\"twitter:data2\" content=\"2 minutos\" \/>\n<script type=\"application\/ld+json\" class=\"yoast-schema-graph\">{\"@context\":\"https:\/\/schema.org\",\"@graph\":[{\"@type\":\"Article\",\"@id\":\"https:\/\/www.comparaonline.cl\/blog\/amp\/autos\/seguro-automotriz\/expertos-afirman-que-es-inadecuado-cerrar-ventilaciones-del-auto-en-caminos-de-tierra\/#article\",\"isPartOf\":{\"@id\":\"https:\/\/www.comparaonline.cl\/blog\/amp\/autos\/seguro-automotriz\/expertos-afirman-que-es-inadecuado-cerrar-ventilaciones-del-auto-en-caminos-de-tierra\/\"},\"author\":{\"name\":\"Clara Escobar\",\"@id\":\"https:\/\/www.comparaonline.cl\/blog\/#\/schema\/person\/2f605442e15d63553e57ec9ee4b9a51f\"},\"headline\":\"Es inadecuado cerrar ventilaciones del auto en caminos de tierra\",\"datePublished\":\"2010-01-12T09:56:00+00:00\",\"dateModified\":\"2013-04-24T20:56:08+00:00\",\"mainEntityOfPage\":{\"@id\":\"https:\/\/www.comparaonline.cl\/blog\/amp\/autos\/seguro-automotriz\/expertos-afirman-que-es-inadecuado-cerrar-ventilaciones-del-auto-en-caminos-de-tierra\/\"},\"wordCount\":324,\"commentCount\":0,\"publisher\":{\"@id\":\"https:\/\/www.comparaonline.cl\/blog\/#organization\"},\"image\":{\"@id\":\"https:\/\/www.comparaonline.cl\/blog\/amp\/autos\/seguro-automotriz\/expertos-afirman-que-es-inadecuado-cerrar-ventilaciones-del-auto-en-caminos-de-tierra\/#primaryimage\"},\"thumbnailUrl\":\"https:\/\/www.comparaonline.cl\/blog\/wp-content\/uploads\/2010\/01\/conducir-en-caminos-de-tierra.jpg\",\"articleSection\":[\"Seguro Automotriz\"],\"inLanguage\":\"es-CL\",\"potentialAction\":[{\"@type\":\"CommentAction\",\"name\":\"Comment\",\"target\":[\"https:\/\/www.comparaonline.cl\/blog\/amp\/autos\/seguro-automotriz\/expertos-afirman-que-es-inadecuado-cerrar-ventilaciones-del-auto-en-caminos-de-tierra\/#respond\"]}]},{\"@type\":\"WebPage\",\"@id\":\"https:\/\/www.comparaonline.cl\/blog\/amp\/autos\/seguro-automotriz\/expertos-afirman-que-es-inadecuado-cerrar-ventilaciones-del-auto-en-caminos-de-tierra\/\",\"url\":\"https:\/\/www.comparaonline.cl\/blog\/amp\/autos\/seguro-automotriz\/expertos-afirman-que-es-inadecuado-cerrar-ventilaciones-del-auto-en-caminos-de-tierra\/\",\"name\":\"Es inadecuado cerrar ventilaciones del auto en caminos de tierra - ComparaOnline\",\"isPartOf\":{\"@id\":\"https:\/\/www.comparaonline.cl\/blog\/#website\"},\"primaryImageOfPage\":{\"@id\":\"https:\/\/www.comparaonline.cl\/blog\/amp\/autos\/seguro-automotriz\/expertos-afirman-que-es-inadecuado-cerrar-ventilaciones-del-auto-en-caminos-de-tierra\/#primaryimage\"},\"image\":{\"@id\":\"https:\/\/www.comparaonline.cl\/blog\/amp\/autos\/seguro-automotriz\/expertos-afirman-que-es-inadecuado-cerrar-ventilaciones-del-auto-en-caminos-de-tierra\/#primaryimage\"},\"thumbnailUrl\":\"https:\/\/www.comparaonline.cl\/blog\/wp-content\/uploads\/2010\/01\/conducir-en-caminos-de-tierra.jpg\",\"datePublished\":\"2010-01-12T09:56:00+00:00\",\"dateModified\":\"2013-04-24T20:56:08+00:00\",\"inLanguage\":\"es-CL\",\"potentialAction\":[{\"@type\":\"ReadAction\",\"target\":[\"https:\/\/www.comparaonline.cl\/blog\/amp\/autos\/seguro-automotriz\/expertos-afirman-que-es-inadecuado-cerrar-ventilaciones-del-auto-en-caminos-de-tierra\/\"]}]},{\"@type\":\"ImageObject\",\"inLanguage\":\"es-CL\",\"@id\":\"https:\/\/www.comparaonline.cl\/blog\/amp\/autos\/seguro-automotriz\/expertos-afirman-que-es-inadecuado-cerrar-ventilaciones-del-auto-en-caminos-de-tierra\/#primaryimage\",\"url\":\"https:\/\/www.comparaonline.cl\/blog\/wp-content\/uploads\/2010\/01\/conducir-en-caminos-de-tierra.jpg\",\"contentUrl\":\"https:\/\/www.comparaonline.cl\/blog\/wp-content\/uploads\/2010\/01\/conducir-en-caminos-de-tierra.jpg\"},{\"@type\":\"WebSite\",\"@id\":\"https:\/\/www.comparaonline.cl\/blog\/#website\",\"url\":\"https:\/\/www.comparaonline.cl\/blog\/\",\"name\":\"ComparaOnline\",\"description\":\"Todo lo que necesitas saber sobre seguros y productos financieros\",\"publisher\":{\"@id\":\"https:\/\/www.comparaonline.cl\/blog\/#organization\"},\"potentialAction\":[{\"@type\":\"SearchAction\",\"target\":{\"@type\":\"EntryPoint\",\"urlTemplate\":\"https:\/\/www.comparaonline.cl\/blog\/?s={search_term_string}\"},\"query-input\":{\"@type\":\"PropertyValueSpecification\",\"valueRequired\":true,\"valueName\":\"search_term_string\"}}],\"inLanguage\":\"es-CL\"},{\"@type\":\"Organization\",\"@id\":\"https:\/\/www.comparaonline.cl\/blog\/#organization\",\"name\":\"Compara\",\"url\":\"https:\/\/www.comparaonline.cl\/blog\/\",\"logo\":{\"@type\":\"ImageObject\",\"inLanguage\":\"es-CL\",\"@id\":\"https:\/\/www.comparaonline.cl\/blog\/#\/schema\/logo\/image\/\",\"url\":\"https:\/\/www.comparaonline.cl\/blog-statics\/cl\/uploads\/2020\/02\/15814375758341.png\",\"contentUrl\":\"https:\/\/www.comparaonline.cl\/blog-statics\/cl\/uploads\/2020\/02\/15814375758341.png\",\"width\":161,\"height\":35,\"caption\":\"Compara\"},\"image\":{\"@id\":\"https:\/\/www.comparaonline.cl\/blog\/#\/schema\/logo\/image\/\"},\"sameAs\":[\"https:\/\/www.facebook.com\/comparachile\/\",\"https:\/\/x.com\/compara_chile\",\"https:\/\/www.instagram.com\/compara_chile\/\",\"https:\/\/www.linkedin.com\/company\/compara\/\",\"http:\/\/www.youtube.com\/c\/ComparaChile\"]},{\"@type\":\"Person\",\"@id\":\"https:\/\/www.comparaonline.cl\/blog\/#\/schema\/person\/2f605442e15d63553e57ec9ee4b9a51f\",\"name\":\"Clara Escobar\",\"image\":{\"@type\":\"ImageObject\",\"inLanguage\":\"es-CL\",\"@id\":\"https:\/\/www.comparaonline.cl\/blog\/#\/schema\/person\/image\/\",\"url\":\"https:\/\/www.comparaonline.cl\/blog-statics\/cl\/uploads\/2020\/02\/Clara-Escobar.jpg\",\"contentUrl\":\"https:\/\/www.comparaonline.cl\/blog-statics\/cl\/uploads\/2020\/02\/Clara-Escobar.jpg\",\"caption\":\"Clara Escobar\"},\"description\":\"Soy periodista y especialista en seguros, sobretodo si tienen que ver con el mundo automotriz. Los autos me gustan desde siempre y, por lo mismo estoy atenta a su mantenimiento y a las coberturas a considerar.\",\"sameAs\":[\"http:\/\/esteesunusuario.ge\/nerico\"],\"url\":\"https:\/\/www.comparaonline.cl\/blog\/author\/clara-escobar\/\"}]}<\/script>\n<!-- \/ Yoast SEO plugin. -->","yoast_head_json":{"title":"Es inadecuado cerrar ventilaciones del auto en caminos de tierra - ComparaOnline","robots":{"index":"index","follow":"follow","max-snippet":"max-snippet:-1","max-image-preview":"max-image-preview:large","max-video-preview":"max-video-preview:-1"},"canonical":"https:\/\/www.comparaonline.cl\/blog\/autos\/seguro-automotriz\/expertos-afirman-que-es-inadecuado-cerrar-ventilaciones-del-auto-en-caminos-de-tierra\/","og_locale":"es_ES","og_type":"article","og_title":"Es inadecuado cerrar ventilaciones del auto en caminos de tierra - ComparaOnline","og_description":"Expertos dan consejos para no llenar de polvo la cabina del veh\u00edculo.","og_url":"https:\/\/www.comparaonline.cl\/blog\/amp\/autos\/seguro-automotriz\/expertos-afirman-que-es-inadecuado-cerrar-ventilaciones-del-auto-en-caminos-de-tierra\/","og_site_name":"ComparaOnline","article_publisher":"https:\/\/www.facebook.com\/comparachile\/","article_published_time":"2010-01-12T09:56:00+00:00","article_modified_time":"2013-04-24T20:56:08+00:00","og_image":[{"url":"https:\/\/www.comparaonline.cl\/blog\/wp-content\/uploads\/2010\/01\/conducir-en-caminos-de-tierra.jpg","type":"","width":"","height":""}],"author":"Clara Escobar","twitter_card":"summary_large_image","twitter_creator":"@compara_chile","twitter_site":"@compara_chile","twitter_misc":{"Escrito por":"Clara Escobar","Tiempo estimado de lectura":"2 minutos"},"schema":{"@context":"https:\/\/schema.org","@graph":[{"@type":"Article","@id":"https:\/\/www.comparaonline.cl\/blog\/amp\/autos\/seguro-automotriz\/expertos-afirman-que-es-inadecuado-cerrar-ventilaciones-del-auto-en-caminos-de-tierra\/#article","isPartOf":{"@id":"https:\/\/www.comparaonline.cl\/blog\/amp\/autos\/seguro-automotriz\/expertos-afirman-que-es-inadecuado-cerrar-ventilaciones-del-auto-en-caminos-de-tierra\/"},"author":{"name":"Clara Escobar","@id":"https:\/\/www.comparaonline.cl\/blog\/#\/schema\/person\/2f605442e15d63553e57ec9ee4b9a51f"},"headline":"Es inadecuado cerrar ventilaciones del auto en caminos de tierra","datePublished":"2010-01-12T09:56:00+00:00","dateModified":"2013-04-24T20:56:08+00:00","mainEntityOfPage":{"@id":"https:\/\/www.comparaonline.cl\/blog\/amp\/autos\/seguro-automotriz\/expertos-afirman-que-es-inadecuado-cerrar-ventilaciones-del-auto-en-caminos-de-tierra\/"},"wordCount":324,"commentCount":0,"publisher":{"@id":"https:\/\/www.comparaonline.cl\/blog\/#organization"},"image":{"@id":"https:\/\/www.comparaonline.cl\/blog\/amp\/autos\/seguro-automotriz\/expertos-afirman-que-es-inadecuado-cerrar-ventilaciones-del-auto-en-caminos-de-tierra\/#primaryimage"},"thumbnailUrl":"https:\/\/www.comparaonline.cl\/blog\/wp-content\/uploads\/2010\/01\/conducir-en-caminos-de-tierra.jpg","articleSection":["Seguro Automotriz"],"inLanguage":"es-CL","potentialAction":[{"@type":"CommentAction","name":"Comment","target":["https:\/\/www.comparaonline.cl\/blog\/amp\/autos\/seguro-automotriz\/expertos-afirman-que-es-inadecuado-cerrar-ventilaciones-del-auto-en-caminos-de-tierra\/#respond"]}]},{"@type":"WebPage","@id":"https:\/\/www.comparaonline.cl\/blog\/amp\/autos\/seguro-automotriz\/expertos-afirman-que-es-inadecuado-cerrar-ventilaciones-del-auto-en-caminos-de-tierra\/","url":"https:\/\/www.comparaonline.cl\/blog\/amp\/autos\/seguro-automotriz\/expertos-afirman-que-es-inadecuado-cerrar-ventilaciones-del-auto-en-caminos-de-tierra\/","name":"Es inadecuado cerrar ventilaciones del auto en caminos de tierra - ComparaOnline","isPartOf":{"@id":"https:\/\/www.comparaonline.cl\/blog\/#website"},"primaryImageOfPage":{"@id":"https:\/\/www.comparaonline.cl\/blog\/amp\/autos\/seguro-automotriz\/expertos-afirman-que-es-inadecuado-cerrar-ventilaciones-del-auto-en-caminos-de-tierra\/#primaryimage"},"image":{"@id":"https:\/\/www.comparaonline.cl\/blog\/amp\/autos\/seguro-automotriz\/expertos-afirman-que-es-inadecuado-cerrar-ventilaciones-del-auto-en-caminos-de-tierra\/#primaryimage"},"thumbnailUrl":"https:\/\/www.comparaonline.cl\/blog\/wp-content\/uploads\/2010\/01\/conducir-en-caminos-de-tierra.jpg","datePublished":"2010-01-12T09:56:00+00:00","dateModified":"2013-04-24T20:56:08+00:00","inLanguage":"es-CL","potentialAction":[{"@type":"ReadAction","target":["https:\/\/www.comparaonline.cl\/blog\/amp\/autos\/seguro-automotriz\/expertos-afirman-que-es-inadecuado-cerrar-ventilaciones-del-auto-en-caminos-de-tierra\/"]}]},{"@type":"ImageObject","inLanguage":"es-CL","@id":"https:\/\/www.comparaonline.cl\/blog\/amp\/autos\/seguro-automotriz\/expertos-afirman-que-es-inadecuado-cerrar-ventilaciones-del-auto-en-caminos-de-tierra\/#primaryimage","url":"https:\/\/www.comparaonline.cl\/blog\/wp-content\/uploads\/2010\/01\/conducir-en-caminos-de-tierra.jpg","contentUrl":"https:\/\/www.comparaonline.cl\/blog\/wp-content\/uploads\/2010\/01\/conducir-en-caminos-de-tierra.jpg"},{"@type":"WebSite","@id":"https:\/\/www.comparaonline.cl\/blog\/#website","url":"https:\/\/www.comparaonline.cl\/blog\/","name":"ComparaOnline","description":"Todo lo que necesitas saber sobre seguros y productos financieros","publisher":{"@id":"https:\/\/www.comparaonline.cl\/blog\/#organization"},"potentialAction":[{"@type":"SearchAction","target":{"@type":"EntryPoint","urlTemplate":"https:\/\/www.comparaonline.cl\/blog\/?s={search_term_string}"},"query-input":{"@type":"PropertyValueSpecification","valueRequired":true,"valueName":"search_term_string"}}],"inLanguage":"es-CL"},{"@type":"Organization","@id":"https:\/\/www.comparaonline.cl\/blog\/#organization","name":"Compara","url":"https:\/\/www.comparaonline.cl\/blog\/","logo":{"@type":"ImageObject","inLanguage":"es-CL","@id":"https:\/\/www.comparaonline.cl\/blog\/#\/schema\/logo\/image\/","url":"https:\/\/www.comparaonline.cl\/blog-statics\/cl\/uploads\/2020\/02\/15814375758341.png","contentUrl":"https:\/\/www.comparaonline.cl\/blog-statics\/cl\/uploads\/2020\/02\/15814375758341.png","width":161,"height":35,"caption":"Compara"},"image":{"@id":"https:\/\/www.comparaonline.cl\/blog\/#\/schema\/logo\/image\/"},"sameAs":["https:\/\/www.facebook.com\/comparachile\/","https:\/\/x.com\/compara_chile","https:\/\/www.instagram.com\/compara_chile\/","https:\/\/www.linkedin.com\/company\/compara\/","http:\/\/www.youtube.com\/c\/ComparaChile"]},{"@type":"Person","@id":"https:\/\/www.comparaonline.cl\/blog\/#\/schema\/person\/2f605442e15d63553e57ec9ee4b9a51f","name":"Clara Escobar","image":{"@type":"ImageObject","inLanguage":"es-CL","@id":"https:\/\/www.comparaonline.cl\/blog\/#\/schema\/person\/image\/","url":"https:\/\/www.comparaonline.cl\/blog-statics\/cl\/uploads\/2020\/02\/Clara-Escobar.jpg","contentUrl":"https:\/\/www.comparaonline.cl\/blog-statics\/cl\/uploads\/2020\/02\/Clara-Escobar.jpg","caption":"Clara Escobar"},"description":"Soy periodista y especialista en seguros, sobretodo si tienen que ver con el mundo automotriz. Los autos me gustan desde siempre y, por lo mismo estoy atenta a su mantenimiento y a las coberturas a considerar.","sameAs":["http:\/\/esteesunusuario.ge\/nerico"],"url":"https:\/\/www.comparaonline.cl\/blog\/author\/clara-escobar\/"}]}},"_links":{"self":[{"href":"https:\/\/www.comparaonline.cl\/blog\/wp-json\/wp\/v2\/posts\/1962","targetHints":{"allow":["GET"]}}],"collection":[{"href":"https:\/\/www.comparaonline.cl\/blog\/wp-json\/wp\/v2\/posts"}],"about":[{"href":"https:\/\/www.comparaonline.cl\/blog\/wp-json\/wp\/v2\/types\/post"}],"author":[{"embeddable":true,"href":"https:\/\/www.comparaonline.cl\/blog\/wp-json\/wp\/v2\/users\/45"}],"replies":[{"embeddable":true,"href":"https:\/\/www.comparaonline.cl\/blog\/wp-json\/wp\/v2\/comments?post=1962"}],"version-history":[{"count":0,"href":"https:\/\/www.comparaonline.cl\/blog\/wp-json\/wp\/v2\/posts\/1962\/revisions"}],"wp:attachment":[{"href":"https:\/\/www.comparaonline.cl\/blog\/wp-json\/wp\/v2\/media?parent=1962"}],"wp:term":[{"taxonomy":"category","embeddable":true,"href":"https:\/\/www.comparaonline.cl\/blog\/wp-json\/wp\/v2\/categories?post=1962"},{"taxonomy":"post_tag","embeddable":true,"href":"https:\/\/www.comparaonline.cl\/blog\/wp-json\/wp\/v2\/tags?post=1962"}],"curies":[{"name":"wp","href":"https:\/\/api.w.org\/{rel}","templated":true}]}}