{"id":19553,"date":"2023-02-02T17:40:00","date_gmt":"2023-02-02T20:40:00","guid":{"rendered":"https:\/\/www.comparaonline.cl\/blog\/?p=19553"},"modified":"2023-02-02T14:50:41","modified_gmt":"2023-02-02T17:50:41","slug":"brote-fiebre-amarilla-brasil-ir-no-ir-al-carnaval","status":"publish","type":"post","link":"https:\/\/www.comparaonline.cl\/blog\/viajes\/seguro-de-viaje\/brote-fiebre-amarilla-brasil-ir-no-ir-al-carnaval\/","title":{"rendered":"Fiebre amarilla en Brasil: \u00bfc\u00f3mo responde un seguro de viaje?"},"content":{"rendered":"\n<p><span style=\"font-weight: 400;\">Brasil es uno de los destinos m\u00e1s cotizados en Compara. Muchos chilenos y chilenas desean disfrutar de sus playas paradis\u00edacas, sus deliciosas comidas, la alegr\u00eda de su gente y de sus incre\u00edbles carnavales. Sin embargo, antes de partir al pa\u00eds carioca, es importante que te informes sobre la fiebre amarilla en Brasil y c\u00f3mo puede protegerte un <a href=\"https:\/\/www.comparaonline.cl\/seguro-viaje\/destino\/sudamerica\/brasil\" target=\"_blank\" rel=\"noreferrer noopener\">seguro de viaje<\/a>.<\/span><\/p>\n\n\n\n<!--more-->\n\n\n\n<h2 class=\"wp-block-heading\"><strong>Seguro de asistencia en viajes y fiebre amarilla<\/strong><\/h2>\n\n\n\n<p>Existen distintas compa\u00f1\u00edas aseguradoras<strong> que cubren los costos que puedan ocasionarse<\/strong> <strong>ante un contagio de fiebre amarilla en Brasil<\/strong>. Adem\u00e1s, en caso de contraer la enfermedad, <strong>puedes recibir asistencia m\u00e9dica de hasta US $ 60.000<\/strong>, para que te asistan los mejores profesionales en los sanatorios m\u00e9dicos de mayor reputaci\u00f3n. En Compara puedes <a href=\"https:\/\/www.comparaonline.cl\/seguro-viaje\">cotizar y contratar<\/a> con las mejores compa\u00f1\u00edas del mercado.<\/p>\n\n\n\n<cta :destino=\"'seguro-viaje'\" :pais=\"'cl'\" :estilo=\"'extendido'\" :fondo=\"'gris'\" class=\"wp-block-compara-cta\"><\/cta>\n\n\n\n<p><strong>Antes de contratar un seguro de viaje es importante que revises bien la cobertura <\/strong>y leas el detalle de las condiciones generales de la compa\u00f1\u00eda contratada. Tambi\u00e9n es una buena idea llamar a la compa\u00f1\u00eda aseguradora antes de tomar alguna decisi\u00f3n y, por supuesto, frente a cualquier posible s\u00edntoma de enfermedad (como fiebre, cefalea, ictericia, dolores musculares, n\u00e1useas, v\u00f3mitos, entre otras).<\/p>\n\n\n\n<h2 class=\"wp-block-heading\"><b>Brote de fiebre amarilla en Brasil<\/b><\/h2>\n\n\n\n<p><span style=\"font-weight: 400;\">Hace algunos a\u00f1os apareci\u00f3 en Brasil un nuevo brote de fiebre amarilla, el cual se extendi\u00f3 hacia algunas de las principales zonas tur\u00edsticas del pa\u00eds, como R\u00edo de Janeiro, el epicentro del carnaval.<\/span><\/p>\n\n\n\n<p><span style=\"font-weight: 400;\">Esta fiebre es <strong>una enfermedad viral aguda y hemorr\u00e1gica<\/strong>, que es transmitida por distintos mosquitos infectados y <strong>actualmente no existe una cura<\/strong>, por lo que <strong>su prevenci\u00f3n es clave <\/strong>para todos aquellos que probablemente vayan a estar expuestos a la infecci\u00f3n.<\/span><\/p>\n\n\n\n<p>Si bien <strong>la vacuna contra la fiebre amarilla no es obligatoria para el ingreso a Brasil, el gobierno brasile\u00f1o aconseja su aplicaci\u00f3n con un m\u00ednimo de 10 d\u00edas previos del arribo al pa\u00eds. <\/strong>Es particularmente aconsejable si se visitan los siguientes estados:<\/p>\n\n\n\n<ul class=\"wp-block-list\"><li>Acre<\/li><li>Amap\u00e1<\/li><li>Amazonas<\/li><li>Bah\u00eda<\/li><li>Distrito Federal<\/li><li>Goi\u00e1s<\/li><li>Maranhao<\/li><li>Mato Grosso<\/li><li>Mato Grosso do Sul<\/li><li>Minas Gerais<\/li><li>Par\u00e1<\/li><li>Paran\u00e1<\/li><li>Piau\u00ed<\/li><li>R\u00edo Grande do Sul<\/li><li>R\u00edo de Janeiro<\/li><li>Rondonia<\/li><li>Roraima<\/li><li>Santa Catarina<\/li><li>San Pablo<\/li><li>Tocantins<\/li><\/ul>\n\n\n\n<h2 class=\"wp-block-heading\">\u00bfC\u00f3mo prevenir el contagio de la fiebre amarilla en Brasil?<\/h2>\n\n\n\n<p>Algunas de las medidas que permiten evitar el contagio de la fiebre amarilla son:<\/p>\n\n\n\n<ul class=\"wp-block-list\"><li><strong>Aplicar repelente contra el mosquito<\/strong> que transmite la fiebre, con m\u00e1s de un 28% de DEET.<\/li><li><strong>Usar ropa larga<\/strong>, sobre todo durante la tarde y el amanecer,&nbsp;las horas de mayor actividad del mosquito.<\/li><li><strong>Vacunarse 10 d\u00edas antes de viajar<\/strong> a dichas zonas en las cuales exista un brote activo de Fiebre Amarilla.<\/li><\/ul>\n\n\n\n<h2 class=\"wp-block-heading\"><b>\u00bfQu\u00e9 repelente contra mosquitos es mejor?<\/b><\/h2>\n\n\n\n<p><span style=\"font-weight: 400;\">Una de las principales recomendaciones por expertos para protegernos de las enfermedades e infecciones transmitidas por mosquitos, es utilizar siempre repelentes. En Chile, existe un centenar de marcas y formatos de aplicaci\u00f3n: en aerosol, en cremas y en gel. <\/span>Pero, \u00bfcu\u00e1l es mejor?<\/p>\n\n\n\n<p><span style=\"font-weight: 400;\">Seg\u00fan un estudio, <strong>los repelentes contra mosquitos m\u00e1s efectivos son los aerosoles que contienen DEET (N, N-dietil-m-toluamida)<\/strong> y, particularmente, aquellos que <strong>contienen aceite de eucalipto de lim\u00f3n (OLE)<\/strong>. &nbsp;Estos productos reducen la atracci\u00f3n de mosquitos hasta en un 60%, ya que su olor es molesto. De todas maneras, es importante recordar que cuando hay insectos, los repelentes deben usarse con frecuencia y es fundamental hacerlo despu\u00e9s de aplicar cualquier otra crema o protector solar, para que su eficacia no disminuya. <\/span><\/p>\n\n\n\n<p><span style=\"font-weight: 400;\">Ahora que ya est\u00e1s totalmente informado sobre la fiebre amarilla en Brasil y las formas de prevenci\u00f3n, est\u00e1s listo para comenzar tu viaje. Recuerda que en este pa\u00eds la vacuna no es obligatoria, por lo que en aduana no significa un requisito para la entrada al pa\u00eds, pero ser\u00e1 tu responsabilidad el uso de repelentes y la aplicaci\u00f3n de la vacuna. <\/span><\/p>\n\n\n\n<p><span style=\"font-weight: 400;\">Conoce&nbsp;los <a href=\"https:\/\/www.comparaonline.cl\/blog\/viajes\/seguro-de-viaje\/cuales-son-los-costos-de-las-principales-urgencias-medicas-en-el-extranjero\/\" target=\"_blank\" rel=\"noreferrer noopener\">costos en caso de emergencias<\/a> y recuerda visitar un centro de salud si presentas alg\u00fan malestar o dudas sobre un posible contagio.<\/span> Cotiza y compara para conseguir el mejor <a href=\"https:\/\/www.comparaonline.cl\/seguro-viaje\/destino\/sudamerica\/brasil\">seguro de viaje Brasil<\/a> y viaja con tranquilidad.<\/p>\n","protected":false},"excerpt":{"rendered":"<p>Brasil es uno de los destinos m\u00e1s cotizados en Compara. Muchos chilenos y chilenas desean disfrutar de sus playas paradis\u00edacas, sus deliciosas comidas, la alegr\u00eda de su gente y de sus incre\u00edbles carnavales. Sin embargo, antes de partir al pa\u00eds carioca, es importante que te informes sobre la fiebre amarilla en Brasil y c\u00f3mo puede&#8230;<\/p>\n","protected":false},"author":45,"featured_media":19635,"comment_status":"open","ping_status":"open","sticky":false,"template":"","format":"standard","meta":{"footnotes":""},"categories":[1281],"tags":[],"class_list":["post-19553","post","type-post","status-publish","format-standard","has-post-thumbnail","hentry","category-seguro-de-viaje"],"yoast_head":"<!-- This site is optimized with the Yoast SEO plugin v26.9 - https:\/\/yoast.com\/product\/yoast-seo-wordpress\/ -->\n<title>Fiebre amarilla en Brasil: \u00bfC\u00f3mo responde un seguro de viaje?<\/title>\n<meta name=\"description\" content=\"Fiebre amarilla en Brasil: \u00bfes necesario vacunarse? \u00bfQu\u00e9 repelente contra mosquitos es mejor? \u00bfC\u00f3mo puede respaldarte un seguro de viajes?\" \/>\n<meta name=\"robots\" content=\"index, follow, max-snippet:-1, max-image-preview:large, max-video-preview:-1\" \/>\n<link rel=\"canonical\" href=\"https:\/\/www.comparaonline.cl\/blog\/viajes\/seguro-de-viaje\/brote-fiebre-amarilla-brasil-ir-no-ir-al-carnaval\/\" \/>\n<meta property=\"og:locale\" content=\"es_ES\" \/>\n<meta property=\"og:type\" content=\"article\" \/>\n<meta property=\"og:title\" content=\"Fiebre amarilla en Brasil: \u00bfC\u00f3mo responde un seguro de viaje?\" \/>\n<meta property=\"og:description\" content=\"Fiebre amarilla en Brasil: \u00bfes necesario vacunarse? \u00bfQu\u00e9 repelente contra mosquitos es mejor? \u00bfC\u00f3mo puede respaldarte un seguro de viajes?\" \/>\n<meta property=\"og:url\" content=\"https:\/\/www.comparaonline.cl\/blog\/viajes\/seguro-de-viaje\/brote-fiebre-amarilla-brasil-ir-no-ir-al-carnaval\/\" \/>\n<meta property=\"og:site_name\" content=\"ComparaOnline\" \/>\n<meta property=\"article:publisher\" content=\"https:\/\/www.facebook.com\/comparachile\/\" \/>\n<meta property=\"article:published_time\" content=\"2023-02-02T20:40:00+00:00\" \/>\n<meta property=\"og:image\" content=\"https:\/\/www.comparaonline.cl\/blog-statics\/cl\/uploads\/2018\/01\/vacuna-fiebre-amarilla.jpg\" \/>\n\t<meta property=\"og:image:width\" content=\"960\" \/>\n\t<meta property=\"og:image:height\" content=\"640\" \/>\n\t<meta property=\"og:image:type\" content=\"image\/jpeg\" \/>\n<meta name=\"author\" content=\"Clara Escobar\" \/>\n<meta name=\"twitter:card\" content=\"summary_large_image\" \/>\n<meta name=\"twitter:creator\" content=\"@compara_chile\" \/>\n<meta name=\"twitter:site\" content=\"@compara_chile\" \/>\n<meta name=\"twitter:label1\" content=\"Escrito por\" \/>\n\t<meta name=\"twitter:data1\" content=\"Clara Escobar\" \/>\n\t<meta name=\"twitter:label2\" content=\"Tiempo estimado de lectura\" \/>\n\t<meta name=\"twitter:data2\" content=\"3 minutos\" \/>\n<script type=\"application\/ld+json\" class=\"yoast-schema-graph\">{\"@context\":\"https:\/\/schema.org\",\"@graph\":[{\"@type\":\"Article\",\"@id\":\"https:\/\/www.comparaonline.cl\/blog\/viajes\/seguro-de-viaje\/brote-fiebre-amarilla-brasil-ir-no-ir-al-carnaval\/#article\",\"isPartOf\":{\"@id\":\"https:\/\/www.comparaonline.cl\/blog\/viajes\/seguro-de-viaje\/brote-fiebre-amarilla-brasil-ir-no-ir-al-carnaval\/\"},\"author\":{\"name\":\"Clara Escobar\",\"@id\":\"https:\/\/www.comparaonline.cl\/blog\/#\/schema\/person\/2f605442e15d63553e57ec9ee4b9a51f\"},\"headline\":\"Fiebre amarilla en Brasil: \u00bfc\u00f3mo responde un seguro de viaje?\",\"datePublished\":\"2023-02-02T20:40:00+00:00\",\"mainEntityOfPage\":{\"@id\":\"https:\/\/www.comparaonline.cl\/blog\/viajes\/seguro-de-viaje\/brote-fiebre-amarilla-brasil-ir-no-ir-al-carnaval\/\"},\"wordCount\":711,\"commentCount\":0,\"publisher\":{\"@id\":\"https:\/\/www.comparaonline.cl\/blog\/#organization\"},\"image\":{\"@id\":\"https:\/\/www.comparaonline.cl\/blog\/viajes\/seguro-de-viaje\/brote-fiebre-amarilla-brasil-ir-no-ir-al-carnaval\/#primaryimage\"},\"thumbnailUrl\":\"https:\/\/www.comparaonline.cl\/blog-statics\/cl\/uploads\/2018\/01\/vacuna-fiebre-amarilla.jpg\",\"articleSection\":[\"Seguro de Viaje\"],\"inLanguage\":\"es-CL\",\"potentialAction\":[{\"@type\":\"CommentAction\",\"name\":\"Comment\",\"target\":[\"https:\/\/www.comparaonline.cl\/blog\/viajes\/seguro-de-viaje\/brote-fiebre-amarilla-brasil-ir-no-ir-al-carnaval\/#respond\"]}]},{\"@type\":\"WebPage\",\"@id\":\"https:\/\/www.comparaonline.cl\/blog\/viajes\/seguro-de-viaje\/brote-fiebre-amarilla-brasil-ir-no-ir-al-carnaval\/\",\"url\":\"https:\/\/www.comparaonline.cl\/blog\/viajes\/seguro-de-viaje\/brote-fiebre-amarilla-brasil-ir-no-ir-al-carnaval\/\",\"name\":\"Fiebre amarilla en Brasil: \u00bfC\u00f3mo responde un seguro de viaje?\",\"isPartOf\":{\"@id\":\"https:\/\/www.comparaonline.cl\/blog\/#website\"},\"primaryImageOfPage\":{\"@id\":\"https:\/\/www.comparaonline.cl\/blog\/viajes\/seguro-de-viaje\/brote-fiebre-amarilla-brasil-ir-no-ir-al-carnaval\/#primaryimage\"},\"image\":{\"@id\":\"https:\/\/www.comparaonline.cl\/blog\/viajes\/seguro-de-viaje\/brote-fiebre-amarilla-brasil-ir-no-ir-al-carnaval\/#primaryimage\"},\"thumbnailUrl\":\"https:\/\/www.comparaonline.cl\/blog-statics\/cl\/uploads\/2018\/01\/vacuna-fiebre-amarilla.jpg\",\"datePublished\":\"2023-02-02T20:40:00+00:00\",\"description\":\"Fiebre amarilla en Brasil: \u00bfes necesario vacunarse? \u00bfQu\u00e9 repelente contra mosquitos es mejor? \u00bfC\u00f3mo puede respaldarte un seguro de viajes?\",\"inLanguage\":\"es-CL\",\"potentialAction\":[{\"@type\":\"ReadAction\",\"target\":[\"https:\/\/www.comparaonline.cl\/blog\/viajes\/seguro-de-viaje\/brote-fiebre-amarilla-brasil-ir-no-ir-al-carnaval\/\"]}]},{\"@type\":\"ImageObject\",\"inLanguage\":\"es-CL\",\"@id\":\"https:\/\/www.comparaonline.cl\/blog\/viajes\/seguro-de-viaje\/brote-fiebre-amarilla-brasil-ir-no-ir-al-carnaval\/#primaryimage\",\"url\":\"https:\/\/www.comparaonline.cl\/blog-statics\/cl\/uploads\/2018\/01\/vacuna-fiebre-amarilla.jpg\",\"contentUrl\":\"https:\/\/www.comparaonline.cl\/blog-statics\/cl\/uploads\/2018\/01\/vacuna-fiebre-amarilla.jpg\",\"width\":960,\"height\":640},{\"@type\":\"WebSite\",\"@id\":\"https:\/\/www.comparaonline.cl\/blog\/#website\",\"url\":\"https:\/\/www.comparaonline.cl\/blog\/\",\"name\":\"ComparaOnline\",\"description\":\"Todo lo que necesitas saber sobre seguros y productos financieros\",\"publisher\":{\"@id\":\"https:\/\/www.comparaonline.cl\/blog\/#organization\"},\"potentialAction\":[{\"@type\":\"SearchAction\",\"target\":{\"@type\":\"EntryPoint\",\"urlTemplate\":\"https:\/\/www.comparaonline.cl\/blog\/?s={search_term_string}\"},\"query-input\":{\"@type\":\"PropertyValueSpecification\",\"valueRequired\":true,\"valueName\":\"search_term_string\"}}],\"inLanguage\":\"es-CL\"},{\"@type\":\"Organization\",\"@id\":\"https:\/\/www.comparaonline.cl\/blog\/#organization\",\"name\":\"Compara\",\"url\":\"https:\/\/www.comparaonline.cl\/blog\/\",\"logo\":{\"@type\":\"ImageObject\",\"inLanguage\":\"es-CL\",\"@id\":\"https:\/\/www.comparaonline.cl\/blog\/#\/schema\/logo\/image\/\",\"url\":\"https:\/\/www.comparaonline.cl\/blog-statics\/cl\/uploads\/2020\/02\/15814375758341.png\",\"contentUrl\":\"https:\/\/www.comparaonline.cl\/blog-statics\/cl\/uploads\/2020\/02\/15814375758341.png\",\"width\":161,\"height\":35,\"caption\":\"Compara\"},\"image\":{\"@id\":\"https:\/\/www.comparaonline.cl\/blog\/#\/schema\/logo\/image\/\"},\"sameAs\":[\"https:\/\/www.facebook.com\/comparachile\/\",\"https:\/\/x.com\/compara_chile\",\"https:\/\/www.instagram.com\/compara_chile\/\",\"https:\/\/www.linkedin.com\/company\/compara\/\",\"http:\/\/www.youtube.com\/c\/ComparaChile\"]},{\"@type\":\"Person\",\"@id\":\"https:\/\/www.comparaonline.cl\/blog\/#\/schema\/person\/2f605442e15d63553e57ec9ee4b9a51f\",\"name\":\"Clara Escobar\",\"image\":{\"@type\":\"ImageObject\",\"inLanguage\":\"es-CL\",\"@id\":\"https:\/\/www.comparaonline.cl\/blog\/#\/schema\/person\/image\/\",\"url\":\"https:\/\/www.comparaonline.cl\/blog-statics\/cl\/uploads\/2020\/02\/Clara-Escobar.jpg\",\"contentUrl\":\"https:\/\/www.comparaonline.cl\/blog-statics\/cl\/uploads\/2020\/02\/Clara-Escobar.jpg\",\"caption\":\"Clara Escobar\"},\"description\":\"Soy periodista y especialista en seguros, sobretodo si tienen que ver con el mundo automotriz. Los autos me gustan desde siempre y, por lo mismo estoy atenta a su mantenimiento y a las coberturas a considerar.\",\"sameAs\":[\"http:\/\/esteesunusuario.ge\/nerico\"],\"url\":\"https:\/\/www.comparaonline.cl\/blog\/author\/clara-escobar\/\"}]}<\/script>\n<!-- \/ Yoast SEO plugin. -->","yoast_head_json":{"title":"Fiebre amarilla en Brasil: \u00bfC\u00f3mo responde un seguro de viaje?","description":"Fiebre amarilla en Brasil: \u00bfes necesario vacunarse? \u00bfQu\u00e9 repelente contra mosquitos es mejor? \u00bfC\u00f3mo puede respaldarte un seguro de viajes?","robots":{"index":"index","follow":"follow","max-snippet":"max-snippet:-1","max-image-preview":"max-image-preview:large","max-video-preview":"max-video-preview:-1"},"canonical":"https:\/\/www.comparaonline.cl\/blog\/viajes\/seguro-de-viaje\/brote-fiebre-amarilla-brasil-ir-no-ir-al-carnaval\/","og_locale":"es_ES","og_type":"article","og_title":"Fiebre amarilla en Brasil: \u00bfC\u00f3mo responde un seguro de viaje?","og_description":"Fiebre amarilla en Brasil: \u00bfes necesario vacunarse? \u00bfQu\u00e9 repelente contra mosquitos es mejor? \u00bfC\u00f3mo puede respaldarte un seguro de viajes?","og_url":"https:\/\/www.comparaonline.cl\/blog\/viajes\/seguro-de-viaje\/brote-fiebre-amarilla-brasil-ir-no-ir-al-carnaval\/","og_site_name":"ComparaOnline","article_publisher":"https:\/\/www.facebook.com\/comparachile\/","article_published_time":"2023-02-02T20:40:00+00:00","og_image":[{"width":960,"height":640,"url":"https:\/\/www.comparaonline.cl\/blog-statics\/cl\/uploads\/2018\/01\/vacuna-fiebre-amarilla.jpg","type":"image\/jpeg"}],"author":"Clara Escobar","twitter_card":"summary_large_image","twitter_creator":"@compara_chile","twitter_site":"@compara_chile","twitter_misc":{"Escrito por":"Clara Escobar","Tiempo estimado de lectura":"3 minutos"},"schema":{"@context":"https:\/\/schema.org","@graph":[{"@type":"Article","@id":"https:\/\/www.comparaonline.cl\/blog\/viajes\/seguro-de-viaje\/brote-fiebre-amarilla-brasil-ir-no-ir-al-carnaval\/#article","isPartOf":{"@id":"https:\/\/www.comparaonline.cl\/blog\/viajes\/seguro-de-viaje\/brote-fiebre-amarilla-brasil-ir-no-ir-al-carnaval\/"},"author":{"name":"Clara Escobar","@id":"https:\/\/www.comparaonline.cl\/blog\/#\/schema\/person\/2f605442e15d63553e57ec9ee4b9a51f"},"headline":"Fiebre amarilla en Brasil: \u00bfc\u00f3mo responde un seguro de viaje?","datePublished":"2023-02-02T20:40:00+00:00","mainEntityOfPage":{"@id":"https:\/\/www.comparaonline.cl\/blog\/viajes\/seguro-de-viaje\/brote-fiebre-amarilla-brasil-ir-no-ir-al-carnaval\/"},"wordCount":711,"commentCount":0,"publisher":{"@id":"https:\/\/www.comparaonline.cl\/blog\/#organization"},"image":{"@id":"https:\/\/www.comparaonline.cl\/blog\/viajes\/seguro-de-viaje\/brote-fiebre-amarilla-brasil-ir-no-ir-al-carnaval\/#primaryimage"},"thumbnailUrl":"https:\/\/www.comparaonline.cl\/blog-statics\/cl\/uploads\/2018\/01\/vacuna-fiebre-amarilla.jpg","articleSection":["Seguro de Viaje"],"inLanguage":"es-CL","potentialAction":[{"@type":"CommentAction","name":"Comment","target":["https:\/\/www.comparaonline.cl\/blog\/viajes\/seguro-de-viaje\/brote-fiebre-amarilla-brasil-ir-no-ir-al-carnaval\/#respond"]}]},{"@type":"WebPage","@id":"https:\/\/www.comparaonline.cl\/blog\/viajes\/seguro-de-viaje\/brote-fiebre-amarilla-brasil-ir-no-ir-al-carnaval\/","url":"https:\/\/www.comparaonline.cl\/blog\/viajes\/seguro-de-viaje\/brote-fiebre-amarilla-brasil-ir-no-ir-al-carnaval\/","name":"Fiebre amarilla en Brasil: \u00bfC\u00f3mo responde un seguro de viaje?","isPartOf":{"@id":"https:\/\/www.comparaonline.cl\/blog\/#website"},"primaryImageOfPage":{"@id":"https:\/\/www.comparaonline.cl\/blog\/viajes\/seguro-de-viaje\/brote-fiebre-amarilla-brasil-ir-no-ir-al-carnaval\/#primaryimage"},"image":{"@id":"https:\/\/www.comparaonline.cl\/blog\/viajes\/seguro-de-viaje\/brote-fiebre-amarilla-brasil-ir-no-ir-al-carnaval\/#primaryimage"},"thumbnailUrl":"https:\/\/www.comparaonline.cl\/blog-statics\/cl\/uploads\/2018\/01\/vacuna-fiebre-amarilla.jpg","datePublished":"2023-02-02T20:40:00+00:00","description":"Fiebre amarilla en Brasil: \u00bfes necesario vacunarse? \u00bfQu\u00e9 repelente contra mosquitos es mejor? \u00bfC\u00f3mo puede respaldarte un seguro de viajes?","inLanguage":"es-CL","potentialAction":[{"@type":"ReadAction","target":["https:\/\/www.comparaonline.cl\/blog\/viajes\/seguro-de-viaje\/brote-fiebre-amarilla-brasil-ir-no-ir-al-carnaval\/"]}]},{"@type":"ImageObject","inLanguage":"es-CL","@id":"https:\/\/www.comparaonline.cl\/blog\/viajes\/seguro-de-viaje\/brote-fiebre-amarilla-brasil-ir-no-ir-al-carnaval\/#primaryimage","url":"https:\/\/www.comparaonline.cl\/blog-statics\/cl\/uploads\/2018\/01\/vacuna-fiebre-amarilla.jpg","contentUrl":"https:\/\/www.comparaonline.cl\/blog-statics\/cl\/uploads\/2018\/01\/vacuna-fiebre-amarilla.jpg","width":960,"height":640},{"@type":"WebSite","@id":"https:\/\/www.comparaonline.cl\/blog\/#website","url":"https:\/\/www.comparaonline.cl\/blog\/","name":"ComparaOnline","description":"Todo lo que necesitas saber sobre seguros y productos financieros","publisher":{"@id":"https:\/\/www.comparaonline.cl\/blog\/#organization"},"potentialAction":[{"@type":"SearchAction","target":{"@type":"EntryPoint","urlTemplate":"https:\/\/www.comparaonline.cl\/blog\/?s={search_term_string}"},"query-input":{"@type":"PropertyValueSpecification","valueRequired":true,"valueName":"search_term_string"}}],"inLanguage":"es-CL"},{"@type":"Organization","@id":"https:\/\/www.comparaonline.cl\/blog\/#organization","name":"Compara","url":"https:\/\/www.comparaonline.cl\/blog\/","logo":{"@type":"ImageObject","inLanguage":"es-CL","@id":"https:\/\/www.comparaonline.cl\/blog\/#\/schema\/logo\/image\/","url":"https:\/\/www.comparaonline.cl\/blog-statics\/cl\/uploads\/2020\/02\/15814375758341.png","contentUrl":"https:\/\/www.comparaonline.cl\/blog-statics\/cl\/uploads\/2020\/02\/15814375758341.png","width":161,"height":35,"caption":"Compara"},"image":{"@id":"https:\/\/www.comparaonline.cl\/blog\/#\/schema\/logo\/image\/"},"sameAs":["https:\/\/www.facebook.com\/comparachile\/","https:\/\/x.com\/compara_chile","https:\/\/www.instagram.com\/compara_chile\/","https:\/\/www.linkedin.com\/company\/compara\/","http:\/\/www.youtube.com\/c\/ComparaChile"]},{"@type":"Person","@id":"https:\/\/www.comparaonline.cl\/blog\/#\/schema\/person\/2f605442e15d63553e57ec9ee4b9a51f","name":"Clara Escobar","image":{"@type":"ImageObject","inLanguage":"es-CL","@id":"https:\/\/www.comparaonline.cl\/blog\/#\/schema\/person\/image\/","url":"https:\/\/www.comparaonline.cl\/blog-statics\/cl\/uploads\/2020\/02\/Clara-Escobar.jpg","contentUrl":"https:\/\/www.comparaonline.cl\/blog-statics\/cl\/uploads\/2020\/02\/Clara-Escobar.jpg","caption":"Clara Escobar"},"description":"Soy periodista y especialista en seguros, sobretodo si tienen que ver con el mundo automotriz. Los autos me gustan desde siempre y, por lo mismo estoy atenta a su mantenimiento y a las coberturas a considerar.","sameAs":["http:\/\/esteesunusuario.ge\/nerico"],"url":"https:\/\/www.comparaonline.cl\/blog\/author\/clara-escobar\/"}]}},"_links":{"self":[{"href":"https:\/\/www.comparaonline.cl\/blog\/wp-json\/wp\/v2\/posts\/19553","targetHints":{"allow":["GET"]}}],"collection":[{"href":"https:\/\/www.comparaonline.cl\/blog\/wp-json\/wp\/v2\/posts"}],"about":[{"href":"https:\/\/www.comparaonline.cl\/blog\/wp-json\/wp\/v2\/types\/post"}],"author":[{"embeddable":true,"href":"https:\/\/www.comparaonline.cl\/blog\/wp-json\/wp\/v2\/users\/45"}],"replies":[{"embeddable":true,"href":"https:\/\/www.comparaonline.cl\/blog\/wp-json\/wp\/v2\/comments?post=19553"}],"version-history":[{"count":5,"href":"https:\/\/www.comparaonline.cl\/blog\/wp-json\/wp\/v2\/posts\/19553\/revisions"}],"predecessor-version":[{"id":24146,"href":"https:\/\/www.comparaonline.cl\/blog\/wp-json\/wp\/v2\/posts\/19553\/revisions\/24146"}],"wp:featuredmedia":[{"embeddable":true,"href":"https:\/\/www.comparaonline.cl\/blog\/wp-json\/wp\/v2\/media\/19635"}],"wp:attachment":[{"href":"https:\/\/www.comparaonline.cl\/blog\/wp-json\/wp\/v2\/media?parent=19553"}],"wp:term":[{"taxonomy":"category","embeddable":true,"href":"https:\/\/www.comparaonline.cl\/blog\/wp-json\/wp\/v2\/categories?post=19553"},{"taxonomy":"post_tag","embeddable":true,"href":"https:\/\/www.comparaonline.cl\/blog\/wp-json\/wp\/v2\/tags?post=19553"}],"curies":[{"name":"wp","href":"https:\/\/api.w.org\/{rel}","templated":true}]}}