{"id":19399,"date":"2020-02-26T09:08:23","date_gmt":"2020-02-26T12:08:23","guid":{"rendered":"https:\/\/www.comparaonline.cl\/blog\/?p=19399"},"modified":"2020-03-19T11:18:17","modified_gmt":"2020-03-19T14:18:17","slug":"asistencia-viajes-elegir-las-fechas-correctamente","status":"publish","type":"post","link":"https:\/\/www.comparaonline.cl\/blog\/viajes\/seguro-de-viaje\/asistencia-viajes-elegir-las-fechas-correctamente\/","title":{"rendered":"\u00bfC\u00f3mo elegir las fechas que cubre un seguro de viaje?"},"content":{"rendered":"\n<p>Elegir las<strong> fechas que cubre el seguro de viaje<\/strong> es una de las tareas clave a considerar. Aunque pueda parecer algo simple, a veces aparecen algunas dudas respecto a cu\u00e1l es la forma correcta de escogerlas.<\/p>\n\n\n\n<p>Entre comprar pasajes, armar las maletas, y llegar con antelaci\u00f3n al aeropuerto, la programaci\u00f3n de un viaje puede resultar una tarea extenuante. Y, si a esto le sumas el tener que <strong>comprar un seguro de viaje<\/strong>, la cantidad de estr\u00e9s, para algunas personas, tiende a ser demasiada. Por eso, para alivianar esta carga, queremos explicarte <strong>c\u00f3mo elegir correctamente las fechas<\/strong> al momento de comprar una <a href=\"https:\/\/www.comparaonline.cl\/seguro-viaje\">Asistencia en Viaje<\/a>.<\/p>\n\n\n\n<div style=\"height:30px\" aria-hidden=\"true\" class=\"wp-block-spacer\"><\/div>\n\n\n\n<h2 class=\"wp-block-heading\">Lo que debes considerar al elegir las fechas de tu seguro de viaje<\/h2>\n\n\n\n<p>Como ya hemos revisado en art\u00edculos anteriores, <strong>una emergencia m\u00e9dica en el extranjero podr\u00eda convertirse en un tremendo dolor de bolsillo<\/strong>. Si quieres saber los valores aproximados, revisa: <a href=\"https:\/\/www.comparaonline.cl\/blog\/viajes\/seguro-de-viaje\/cuales-son-los-costos-de-las-principales-urgencias-medicas-en-el-extranjero\/\">\u00bfCu\u00e1nto vale la atenci\u00f3n m\u00e9dica en el extranjero?<\/a> Es por este motivo que un <strong>Asistencia y seguro de viaje<\/strong> es de gran utilidad, tanto para asegurar tu salud, como tambi\u00e9n si sufres el extrav\u00edo de maletas o cancelaci\u00f3n de un vuelo.<\/p>\n\n\n\n<cards :tipo=\"'seguro-viaje'\" :pais=\"'cl'\" class=\"wp-block-compara-cards\"><\/cards>\n\n\n\n<p>Puede sonar algo simple y casi de perogrullo pero, aunque no lo creas<strong>, la elecci\u00f3n correcta de las fechas de tu seguro de viaje<\/strong> tambi\u00e9n es clave para no encontrar inconvenientes durante tu viaje.<\/p>\n\n\n\n<p>Ocurre que, muchos turistas se confunden en esta etapa y piensan que el seguro de viaje cubre desde el d\u00eda en que comienza tu estad\u00eda en el pa\u00eds. Sin embargo, esto no es as\u00ed y <strong>a continuaci\u00f3n te contamos c\u00f3mo elegir de forma correcta las fechas<\/strong> para comprar tu seguro de viaje. Para ello vas a responder estas dos preguntas:&nbsp;<\/p>\n\n\n\n<h3 class=\"wp-block-heading\">\u00bfCu\u00e1ndo empieza tu viaje?<\/h3>\n\n\n\n<p>Para responder esta pregunta, piensa en el cl\u00e1sico <strong>\u201c\u00bfcu\u00e1ndo te vas?\u201d<\/strong>. No importa que tu vuelo parta un jueves y llegues a tu destino el viernes, tu viaje empezar\u00e1 el jueves y, por ende, desde esa fecha es que debes considerar la compra de tu seguro.<\/p>\n\n\n\n<h3 class=\"wp-block-heading\">\u00bfCu\u00e1ndo termina tu viaje?<\/h3>\n\n\n\n<p>Para responder esta pregunta, la l\u00f3gica es la misma, y debes pensar en el <strong>\u201c\u00bfcu\u00e1ndo vuelves al pa\u00eds?\u201d<\/strong>. El t\u00e9rmino de tu viaje no corresponde a la fecha en que tomas el avi\u00f3n, sino cuando llegas a tu pa\u00eds o ciudad de destino.&nbsp;&nbsp;<\/p>\n\n\n\n<div style=\"height:30px\" aria-hidden=\"true\" class=\"wp-block-spacer\"><\/div>\n\n\n\n<h2 class=\"wp-block-heading\">\u00bfQu\u00e9 pasa si contrato mi seguro de viaje en el destino?<\/h2>\n\n\n\n<p>Si ya llevas un par de d\u00edas en tu destino y decides contratar tu seguro de viaje all\u00e1,<strong> puedes contratar tu seguro<\/strong>, pero debes saber que la cobertura no comenzar\u00e1 de manera inmediata.&nbsp;<\/p>\n\n\n\n<p>Si se contrata un seguro de asistencia en viajes desde el d\u00eda de llegada al destino, las compa\u00f1\u00edas aplican lo que se denomina <strong>\u201cd\u00edas de carencia\u201d<\/strong> o <strong>\u201cper\u00edodo de carencia\u201d<\/strong>.<\/p>\n\n\n\n<h3 class=\"wp-block-heading\">Per\u00edodo de carencia, \u00bfqu\u00e9 es?<\/h3>\n\n\n\n<p>El <strong>per\u00edodo de carencia<\/strong> son los d\u00edas en que la compa\u00f1\u00eda tramitar\u00e1 los datos del seguro. Esto significar\u00e1 estar sin cobertura durante tu estad\u00eda, en un lapsus de 3 a 5 d\u00edas.<\/p>\n\n\n\n<p>Es importante tener esto muy en claro ya que si, por ejemplo, quieres contratar tu seguro de viaje para cubrir el extrav\u00edo de tus maletas, no te servir\u00e1 de nada la inversi\u00f3n. Esto, porque el seguro de viajes no es retroactivo y, transcurridos los d\u00edas de carencia, el seguro reci\u00e9n comenzar\u00e1 a regir.&nbsp;<\/p>\n\n\n\n<div style=\"height:30px\" aria-hidden=\"true\" class=\"wp-block-spacer\"><\/div>\n\n\n\n<p>Como ya viste, la <strong>Asistencia y seguro de viaje<\/strong> es una cobertura muy \u00fatil que no solo te ayudar\u00e1 ante una emergencia m\u00e9dica, sino que te indemnizar\u00e1 frente situaciones de extrav\u00edo de maletas o cancelaci\u00f3n de un vuelo. No obstante, no elijas las fechas \u201ca tontas y a locas\u201d, sino que considera las recomendaciones de este <em>post<\/em>.<\/p>\n","protected":false},"excerpt":{"rendered":"<p>Elegir las fechas que cubre el seguro de viaje es una de las tareas clave a considerar. Aunque pueda parecer algo simple, a veces aparecen algunas dudas respecto a cu\u00e1l es la forma correcta de escogerlas.<\/p>\n","protected":false},"author":45,"featured_media":22152,"comment_status":"open","ping_status":"open","sticky":false,"template":"","format":"standard","meta":{"footnotes":""},"categories":[1281],"tags":[],"class_list":["post-19399","post","type-post","status-publish","format-standard","has-post-thumbnail","hentry","category-seguro-de-viaje"],"yoast_head":"<!-- This site is optimized with the Yoast SEO plugin v26.9 - https:\/\/yoast.com\/product\/yoast-seo-wordpress\/ -->\n<title>\u00bfC\u00f3mo elegir las fechas que cubre el seguro de viaje? - ComparaOnline<\/title>\n<meta name=\"description\" content=\"Las fechas que cubre el seguro de viaje son un aspecto en que debes poner atenci\u00f3n a la hora de comprar tu cobertura. Conoce c\u00f3mo elegirlas en Compara.\" \/>\n<meta name=\"robots\" content=\"index, follow, max-snippet:-1, max-image-preview:large, max-video-preview:-1\" \/>\n<link rel=\"canonical\" href=\"https:\/\/www.comparaonline.cl\/blog\/viajes\/seguro-de-viaje\/asistencia-viajes-elegir-las-fechas-correctamente\/\" \/>\n<meta property=\"og:locale\" content=\"es_ES\" \/>\n<meta property=\"og:type\" content=\"article\" \/>\n<meta property=\"og:title\" content=\"\u00bfC\u00f3mo elegir las fechas que cubre el seguro de viaje? - ComparaOnline\" \/>\n<meta property=\"og:description\" content=\"Las fechas que cubre el seguro de viaje son un aspecto en que debes poner atenci\u00f3n a la hora de comprar tu cobertura. Conoce c\u00f3mo elegirlas en Compara.\" \/>\n<meta property=\"og:url\" content=\"https:\/\/www.comparaonline.cl\/blog\/viajes\/seguro-de-viaje\/asistencia-viajes-elegir-las-fechas-correctamente\/\" \/>\n<meta property=\"og:site_name\" content=\"ComparaOnline\" \/>\n<meta property=\"article:publisher\" content=\"https:\/\/www.facebook.com\/comparachile\/\" \/>\n<meta property=\"article:published_time\" content=\"2020-02-26T12:08:23+00:00\" \/>\n<meta property=\"article:modified_time\" content=\"2020-03-19T14:18:17+00:00\" \/>\n<meta property=\"og:image\" content=\"https:\/\/www.comparaonline.cl\/blog-statics\/cl\/uploads\/2018\/02\/fechas-que-cubre-el-seguro-de-viaje.jpg\" \/>\n\t<meta property=\"og:image:width\" content=\"600\" \/>\n\t<meta property=\"og:image:height\" content=\"400\" \/>\n\t<meta property=\"og:image:type\" content=\"image\/jpeg\" \/>\n<meta name=\"author\" content=\"Clara Escobar\" \/>\n<meta name=\"twitter:card\" content=\"summary_large_image\" \/>\n<meta name=\"twitter:creator\" content=\"@compara_chile\" \/>\n<meta name=\"twitter:site\" content=\"@compara_chile\" \/>\n<meta name=\"twitter:label1\" content=\"Written by\" \/>\n\t<meta name=\"twitter:data1\" content=\"Clara Escobar\" \/>\n\t<meta name=\"twitter:label2\" content=\"Est. reading time\" \/>\n\t<meta name=\"twitter:data2\" content=\"3 minutos\" \/>\n<script type=\"application\/ld+json\" class=\"yoast-schema-graph\">{\"@context\":\"https:\/\/schema.org\",\"@graph\":[{\"@type\":\"Article\",\"@id\":\"https:\/\/www.comparaonline.cl\/blog\/viajes\/seguro-de-viaje\/asistencia-viajes-elegir-las-fechas-correctamente\/#article\",\"isPartOf\":{\"@id\":\"https:\/\/www.comparaonline.cl\/blog\/viajes\/seguro-de-viaje\/asistencia-viajes-elegir-las-fechas-correctamente\/\"},\"author\":{\"name\":\"Clara Escobar\",\"@id\":\"https:\/\/www.comparaonline.cl\/blog\/#\/schema\/person\/2f605442e15d63553e57ec9ee4b9a51f\"},\"headline\":\"\u00bfC\u00f3mo elegir las fechas que cubre un seguro de viaje?\",\"datePublished\":\"2020-02-26T12:08:23+00:00\",\"dateModified\":\"2020-03-19T14:18:17+00:00\",\"mainEntityOfPage\":{\"@id\":\"https:\/\/www.comparaonline.cl\/blog\/viajes\/seguro-de-viaje\/asistencia-viajes-elegir-las-fechas-correctamente\/\"},\"wordCount\":661,\"commentCount\":0,\"publisher\":{\"@id\":\"https:\/\/www.comparaonline.cl\/blog\/#organization\"},\"image\":{\"@id\":\"https:\/\/www.comparaonline.cl\/blog\/viajes\/seguro-de-viaje\/asistencia-viajes-elegir-las-fechas-correctamente\/#primaryimage\"},\"thumbnailUrl\":\"https:\/\/www.comparaonline.cl\/blog-statics\/cl\/uploads\/2018\/02\/fechas-que-cubre-el-seguro-de-viaje.jpg\",\"articleSection\":[\"Seguro de Viaje\"],\"inLanguage\":\"es-CL\",\"potentialAction\":[{\"@type\":\"CommentAction\",\"name\":\"Comment\",\"target\":[\"https:\/\/www.comparaonline.cl\/blog\/viajes\/seguro-de-viaje\/asistencia-viajes-elegir-las-fechas-correctamente\/#respond\"]}]},{\"@type\":\"WebPage\",\"@id\":\"https:\/\/www.comparaonline.cl\/blog\/viajes\/seguro-de-viaje\/asistencia-viajes-elegir-las-fechas-correctamente\/\",\"url\":\"https:\/\/www.comparaonline.cl\/blog\/viajes\/seguro-de-viaje\/asistencia-viajes-elegir-las-fechas-correctamente\/\",\"name\":\"\u00bfC\u00f3mo elegir las fechas que cubre el seguro de viaje? - ComparaOnline\",\"isPartOf\":{\"@id\":\"https:\/\/www.comparaonline.cl\/blog\/#website\"},\"primaryImageOfPage\":{\"@id\":\"https:\/\/www.comparaonline.cl\/blog\/viajes\/seguro-de-viaje\/asistencia-viajes-elegir-las-fechas-correctamente\/#primaryimage\"},\"image\":{\"@id\":\"https:\/\/www.comparaonline.cl\/blog\/viajes\/seguro-de-viaje\/asistencia-viajes-elegir-las-fechas-correctamente\/#primaryimage\"},\"thumbnailUrl\":\"https:\/\/www.comparaonline.cl\/blog-statics\/cl\/uploads\/2018\/02\/fechas-que-cubre-el-seguro-de-viaje.jpg\",\"datePublished\":\"2020-02-26T12:08:23+00:00\",\"dateModified\":\"2020-03-19T14:18:17+00:00\",\"description\":\"Las fechas que cubre el seguro de viaje son un aspecto en que debes poner atenci\u00f3n a la hora de comprar tu cobertura. Conoce c\u00f3mo elegirlas en Compara.\",\"inLanguage\":\"es-CL\",\"potentialAction\":[{\"@type\":\"ReadAction\",\"target\":[\"https:\/\/www.comparaonline.cl\/blog\/viajes\/seguro-de-viaje\/asistencia-viajes-elegir-las-fechas-correctamente\/\"]}]},{\"@type\":\"ImageObject\",\"inLanguage\":\"es-CL\",\"@id\":\"https:\/\/www.comparaonline.cl\/blog\/viajes\/seguro-de-viaje\/asistencia-viajes-elegir-las-fechas-correctamente\/#primaryimage\",\"url\":\"https:\/\/www.comparaonline.cl\/blog-statics\/cl\/uploads\/2018\/02\/fechas-que-cubre-el-seguro-de-viaje.jpg\",\"contentUrl\":\"https:\/\/www.comparaonline.cl\/blog-statics\/cl\/uploads\/2018\/02\/fechas-que-cubre-el-seguro-de-viaje.jpg\",\"width\":600,\"height\":400,\"caption\":\"que cubre el seguro de viaje\"},{\"@type\":\"WebSite\",\"@id\":\"https:\/\/www.comparaonline.cl\/blog\/#website\",\"url\":\"https:\/\/www.comparaonline.cl\/blog\/\",\"name\":\"ComparaOnline\",\"description\":\"Todo lo que necesitas saber sobre seguros y productos financieros\",\"publisher\":{\"@id\":\"https:\/\/www.comparaonline.cl\/blog\/#organization\"},\"potentialAction\":[{\"@type\":\"SearchAction\",\"target\":{\"@type\":\"EntryPoint\",\"urlTemplate\":\"https:\/\/www.comparaonline.cl\/blog\/?s={search_term_string}\"},\"query-input\":{\"@type\":\"PropertyValueSpecification\",\"valueRequired\":true,\"valueName\":\"search_term_string\"}}],\"inLanguage\":\"es-CL\"},{\"@type\":\"Organization\",\"@id\":\"https:\/\/www.comparaonline.cl\/blog\/#organization\",\"name\":\"Compara\",\"url\":\"https:\/\/www.comparaonline.cl\/blog\/\",\"logo\":{\"@type\":\"ImageObject\",\"inLanguage\":\"es-CL\",\"@id\":\"https:\/\/www.comparaonline.cl\/blog\/#\/schema\/logo\/image\/\",\"url\":\"https:\/\/www.comparaonline.cl\/blog-statics\/cl\/uploads\/2020\/02\/15814375758341.png\",\"contentUrl\":\"https:\/\/www.comparaonline.cl\/blog-statics\/cl\/uploads\/2020\/02\/15814375758341.png\",\"width\":161,\"height\":35,\"caption\":\"Compara\"},\"image\":{\"@id\":\"https:\/\/www.comparaonline.cl\/blog\/#\/schema\/logo\/image\/\"},\"sameAs\":[\"https:\/\/www.facebook.com\/comparachile\/\",\"https:\/\/x.com\/compara_chile\",\"https:\/\/www.instagram.com\/compara_chile\/\",\"https:\/\/www.linkedin.com\/company\/compara\/\",\"http:\/\/www.youtube.com\/c\/ComparaChile\"]},{\"@type\":\"Person\",\"@id\":\"https:\/\/www.comparaonline.cl\/blog\/#\/schema\/person\/2f605442e15d63553e57ec9ee4b9a51f\",\"name\":\"Clara Escobar\",\"image\":{\"@type\":\"ImageObject\",\"inLanguage\":\"es-CL\",\"@id\":\"https:\/\/www.comparaonline.cl\/blog\/#\/schema\/person\/image\/\",\"url\":\"https:\/\/www.comparaonline.cl\/blog-statics\/cl\/uploads\/2020\/02\/Clara-Escobar.jpg\",\"contentUrl\":\"https:\/\/www.comparaonline.cl\/blog-statics\/cl\/uploads\/2020\/02\/Clara-Escobar.jpg\",\"caption\":\"Clara Escobar\"},\"description\":\"Soy periodista y especialista en seguros, sobretodo si tienen que ver con el mundo automotriz. Los autos me gustan desde siempre y, por lo mismo estoy atenta a su mantenimiento y a las coberturas a considerar.\",\"sameAs\":[\"http:\/\/esteesunusuario.ge\/nerico\"],\"url\":\"https:\/\/www.comparaonline.cl\/blog\/author\/clara-escobar\/\"}]}<\/script>\n<!-- \/ Yoast SEO plugin. -->","yoast_head_json":{"title":"\u00bfC\u00f3mo elegir las fechas que cubre el seguro de viaje? - ComparaOnline","description":"Las fechas que cubre el seguro de viaje son un aspecto en que debes poner atenci\u00f3n a la hora de comprar tu cobertura. Conoce c\u00f3mo elegirlas en Compara.","robots":{"index":"index","follow":"follow","max-snippet":"max-snippet:-1","max-image-preview":"max-image-preview:large","max-video-preview":"max-video-preview:-1"},"canonical":"https:\/\/www.comparaonline.cl\/blog\/viajes\/seguro-de-viaje\/asistencia-viajes-elegir-las-fechas-correctamente\/","og_locale":"es_ES","og_type":"article","og_title":"\u00bfC\u00f3mo elegir las fechas que cubre el seguro de viaje? - ComparaOnline","og_description":"Las fechas que cubre el seguro de viaje son un aspecto en que debes poner atenci\u00f3n a la hora de comprar tu cobertura. Conoce c\u00f3mo elegirlas en Compara.","og_url":"https:\/\/www.comparaonline.cl\/blog\/viajes\/seguro-de-viaje\/asistencia-viajes-elegir-las-fechas-correctamente\/","og_site_name":"ComparaOnline","article_publisher":"https:\/\/www.facebook.com\/comparachile\/","article_published_time":"2020-02-26T12:08:23+00:00","article_modified_time":"2020-03-19T14:18:17+00:00","og_image":[{"width":600,"height":400,"url":"https:\/\/www.comparaonline.cl\/blog-statics\/cl\/uploads\/2018\/02\/fechas-que-cubre-el-seguro-de-viaje.jpg","type":"image\/jpeg"}],"author":"Clara Escobar","twitter_card":"summary_large_image","twitter_creator":"@compara_chile","twitter_site":"@compara_chile","twitter_misc":{"Written by":"Clara Escobar","Est. reading time":"3 minutos"},"schema":{"@context":"https:\/\/schema.org","@graph":[{"@type":"Article","@id":"https:\/\/www.comparaonline.cl\/blog\/viajes\/seguro-de-viaje\/asistencia-viajes-elegir-las-fechas-correctamente\/#article","isPartOf":{"@id":"https:\/\/www.comparaonline.cl\/blog\/viajes\/seguro-de-viaje\/asistencia-viajes-elegir-las-fechas-correctamente\/"},"author":{"name":"Clara Escobar","@id":"https:\/\/www.comparaonline.cl\/blog\/#\/schema\/person\/2f605442e15d63553e57ec9ee4b9a51f"},"headline":"\u00bfC\u00f3mo elegir las fechas que cubre un seguro de viaje?","datePublished":"2020-02-26T12:08:23+00:00","dateModified":"2020-03-19T14:18:17+00:00","mainEntityOfPage":{"@id":"https:\/\/www.comparaonline.cl\/blog\/viajes\/seguro-de-viaje\/asistencia-viajes-elegir-las-fechas-correctamente\/"},"wordCount":661,"commentCount":0,"publisher":{"@id":"https:\/\/www.comparaonline.cl\/blog\/#organization"},"image":{"@id":"https:\/\/www.comparaonline.cl\/blog\/viajes\/seguro-de-viaje\/asistencia-viajes-elegir-las-fechas-correctamente\/#primaryimage"},"thumbnailUrl":"https:\/\/www.comparaonline.cl\/blog-statics\/cl\/uploads\/2018\/02\/fechas-que-cubre-el-seguro-de-viaje.jpg","articleSection":["Seguro de Viaje"],"inLanguage":"es-CL","potentialAction":[{"@type":"CommentAction","name":"Comment","target":["https:\/\/www.comparaonline.cl\/blog\/viajes\/seguro-de-viaje\/asistencia-viajes-elegir-las-fechas-correctamente\/#respond"]}]},{"@type":"WebPage","@id":"https:\/\/www.comparaonline.cl\/blog\/viajes\/seguro-de-viaje\/asistencia-viajes-elegir-las-fechas-correctamente\/","url":"https:\/\/www.comparaonline.cl\/blog\/viajes\/seguro-de-viaje\/asistencia-viajes-elegir-las-fechas-correctamente\/","name":"\u00bfC\u00f3mo elegir las fechas que cubre el seguro de viaje? - ComparaOnline","isPartOf":{"@id":"https:\/\/www.comparaonline.cl\/blog\/#website"},"primaryImageOfPage":{"@id":"https:\/\/www.comparaonline.cl\/blog\/viajes\/seguro-de-viaje\/asistencia-viajes-elegir-las-fechas-correctamente\/#primaryimage"},"image":{"@id":"https:\/\/www.comparaonline.cl\/blog\/viajes\/seguro-de-viaje\/asistencia-viajes-elegir-las-fechas-correctamente\/#primaryimage"},"thumbnailUrl":"https:\/\/www.comparaonline.cl\/blog-statics\/cl\/uploads\/2018\/02\/fechas-que-cubre-el-seguro-de-viaje.jpg","datePublished":"2020-02-26T12:08:23+00:00","dateModified":"2020-03-19T14:18:17+00:00","description":"Las fechas que cubre el seguro de viaje son un aspecto en que debes poner atenci\u00f3n a la hora de comprar tu cobertura. Conoce c\u00f3mo elegirlas en Compara.","inLanguage":"es-CL","potentialAction":[{"@type":"ReadAction","target":["https:\/\/www.comparaonline.cl\/blog\/viajes\/seguro-de-viaje\/asistencia-viajes-elegir-las-fechas-correctamente\/"]}]},{"@type":"ImageObject","inLanguage":"es-CL","@id":"https:\/\/www.comparaonline.cl\/blog\/viajes\/seguro-de-viaje\/asistencia-viajes-elegir-las-fechas-correctamente\/#primaryimage","url":"https:\/\/www.comparaonline.cl\/blog-statics\/cl\/uploads\/2018\/02\/fechas-que-cubre-el-seguro-de-viaje.jpg","contentUrl":"https:\/\/www.comparaonline.cl\/blog-statics\/cl\/uploads\/2018\/02\/fechas-que-cubre-el-seguro-de-viaje.jpg","width":600,"height":400,"caption":"que cubre el seguro de viaje"},{"@type":"WebSite","@id":"https:\/\/www.comparaonline.cl\/blog\/#website","url":"https:\/\/www.comparaonline.cl\/blog\/","name":"ComparaOnline","description":"Todo lo que necesitas saber sobre seguros y productos financieros","publisher":{"@id":"https:\/\/www.comparaonline.cl\/blog\/#organization"},"potentialAction":[{"@type":"SearchAction","target":{"@type":"EntryPoint","urlTemplate":"https:\/\/www.comparaonline.cl\/blog\/?s={search_term_string}"},"query-input":{"@type":"PropertyValueSpecification","valueRequired":true,"valueName":"search_term_string"}}],"inLanguage":"es-CL"},{"@type":"Organization","@id":"https:\/\/www.comparaonline.cl\/blog\/#organization","name":"Compara","url":"https:\/\/www.comparaonline.cl\/blog\/","logo":{"@type":"ImageObject","inLanguage":"es-CL","@id":"https:\/\/www.comparaonline.cl\/blog\/#\/schema\/logo\/image\/","url":"https:\/\/www.comparaonline.cl\/blog-statics\/cl\/uploads\/2020\/02\/15814375758341.png","contentUrl":"https:\/\/www.comparaonline.cl\/blog-statics\/cl\/uploads\/2020\/02\/15814375758341.png","width":161,"height":35,"caption":"Compara"},"image":{"@id":"https:\/\/www.comparaonline.cl\/blog\/#\/schema\/logo\/image\/"},"sameAs":["https:\/\/www.facebook.com\/comparachile\/","https:\/\/x.com\/compara_chile","https:\/\/www.instagram.com\/compara_chile\/","https:\/\/www.linkedin.com\/company\/compara\/","http:\/\/www.youtube.com\/c\/ComparaChile"]},{"@type":"Person","@id":"https:\/\/www.comparaonline.cl\/blog\/#\/schema\/person\/2f605442e15d63553e57ec9ee4b9a51f","name":"Clara Escobar","image":{"@type":"ImageObject","inLanguage":"es-CL","@id":"https:\/\/www.comparaonline.cl\/blog\/#\/schema\/person\/image\/","url":"https:\/\/www.comparaonline.cl\/blog-statics\/cl\/uploads\/2020\/02\/Clara-Escobar.jpg","contentUrl":"https:\/\/www.comparaonline.cl\/blog-statics\/cl\/uploads\/2020\/02\/Clara-Escobar.jpg","caption":"Clara Escobar"},"description":"Soy periodista y especialista en seguros, sobretodo si tienen que ver con el mundo automotriz. Los autos me gustan desde siempre y, por lo mismo estoy atenta a su mantenimiento y a las coberturas a considerar.","sameAs":["http:\/\/esteesunusuario.ge\/nerico"],"url":"https:\/\/www.comparaonline.cl\/blog\/author\/clara-escobar\/"}]}},"_links":{"self":[{"href":"https:\/\/www.comparaonline.cl\/blog\/wp-json\/wp\/v2\/posts\/19399","targetHints":{"allow":["GET"]}}],"collection":[{"href":"https:\/\/www.comparaonline.cl\/blog\/wp-json\/wp\/v2\/posts"}],"about":[{"href":"https:\/\/www.comparaonline.cl\/blog\/wp-json\/wp\/v2\/types\/post"}],"author":[{"embeddable":true,"href":"https:\/\/www.comparaonline.cl\/blog\/wp-json\/wp\/v2\/users\/45"}],"replies":[{"embeddable":true,"href":"https:\/\/www.comparaonline.cl\/blog\/wp-json\/wp\/v2\/comments?post=19399"}],"version-history":[{"count":9,"href":"https:\/\/www.comparaonline.cl\/blog\/wp-json\/wp\/v2\/posts\/19399\/revisions"}],"predecessor-version":[{"id":22319,"href":"https:\/\/www.comparaonline.cl\/blog\/wp-json\/wp\/v2\/posts\/19399\/revisions\/22319"}],"wp:featuredmedia":[{"embeddable":true,"href":"https:\/\/www.comparaonline.cl\/blog\/wp-json\/wp\/v2\/media\/22152"}],"wp:attachment":[{"href":"https:\/\/www.comparaonline.cl\/blog\/wp-json\/wp\/v2\/media?parent=19399"}],"wp:term":[{"taxonomy":"category","embeddable":true,"href":"https:\/\/www.comparaonline.cl\/blog\/wp-json\/wp\/v2\/categories?post=19399"},{"taxonomy":"post_tag","embeddable":true,"href":"https:\/\/www.comparaonline.cl\/blog\/wp-json\/wp\/v2\/tags?post=19399"}],"curies":[{"name":"wp","href":"https:\/\/api.w.org\/{rel}","templated":true}]}}