{"id":15415,"date":"2016-05-13T11:52:08","date_gmt":"2016-05-13T14:52:08","guid":{"rendered":"https:\/\/www.comparaonline.cl\/blog\/?p=15415"},"modified":"2016-10-17T12:12:31","modified_gmt":"2016-10-17T15:12:31","slug":"restriccion-vehicular-para-hoy","status":"publish","type":"post","link":"https:\/\/www.comparaonline.cl\/blog\/autos\/seguro-automotriz\/restriccion-vehicular-para-hoy\/","title":{"rendered":"Restricci\u00f3n vehicular para hoy"},"content":{"rendered":"<p>Encuentra la restricci\u00f3n vehicular para hoy <strong>seg\u00fan el d\u00eda de la semana y el n\u00famero en el que termina tu patente<\/strong>. Ten en cuenta que el\u00a0horario de la restricci\u00f3n vehicular para hoy <strong>inicia desde las 7:30 en la ma\u00f1ana y termina a las 21:00 horas para veh\u00edculos particulares<\/strong>.<\/p>\n<p>&nbsp;<\/p>\n<p>Est\u00e1 medida est\u00e1\u00a0vigente durante el 2016 desde el 1 de abril hasta el 31 de agosto para los autos sin sello verde y <strong>aplica de lunes a viernes en la provincia de Santiago y las comunas de San Bernardo y Puente Alto, excepto los d\u00edas festivos<\/strong>.<\/p>\n<p>&nbsp;<\/p>\n<p>Recuerda la importancia de cumplir con la restricci\u00f3n vehicular para hoy, adem\u00e1s de hacer tu aporte al medio ambiente, estar\u00e1s a salvo de <strong>pagar una multa de 1,5 UTM<\/strong>.<strong>\u00a0<\/strong><\/p>\n<p>&nbsp;<\/p>\n<p><a href=\"https:\/\/www.comparaonline.cl\/blog\/wp-content\/uploads\/2016\/05\/restriccion-vehicular-hoy-lunes.png\"><img loading='lazy' decoding='async' onerror='gen_methods.imageFailed(this)' loading=\"lazy\" decoding=\"async\" class=\"aligncenter size-full wp-image-15417\" src=\"https:\/\/www.comparaonline.cl\/blog\/wp-content\/uploads\/2016\/05\/restriccion-vehicular-hoy-lunes.png\" alt=\"restriccion vehicular hoy lunes\" width=\"560\" height=\"132\" \/><\/a><\/p>\n<p><a href=\"https:\/\/www.comparaonline.cl\/blog\/wp-content\/uploads\/2016\/05\/restriccion-vehicular-hoy-martes.png\"><img loading='lazy' decoding='async' onerror='gen_methods.imageFailed(this)' loading=\"lazy\" decoding=\"async\" class=\"aligncenter size-full wp-image-15418\" src=\"https:\/\/www.comparaonline.cl\/blog\/wp-content\/uploads\/2016\/05\/restriccion-vehicular-hoy-martes.png\" alt=\"restriccion vehicular hoy martes\" width=\"560\" height=\"132\" \/><\/a><\/p>\n<p><a href=\"https:\/\/www.comparaonline.cl\/blog\/wp-content\/uploads\/2016\/05\/restriccion-vehicular-hoy-miercoles1.png\"><img loading='lazy' decoding='async' onerror='gen_methods.imageFailed(this)' loading=\"lazy\" decoding=\"async\" class=\"aligncenter wp-image-15441 size-full\" src=\"https:\/\/www.comparaonline.cl\/blog\/wp-content\/uploads\/2016\/05\/restriccion-vehicular-hoy-miercoles1.png\" alt=\"restricci\u00f3n vehicular hoy mi\u00e9rcoles\" width=\"560\" height=\"132\" \/><\/a><\/p>\n<p><a href=\"https:\/\/www.comparaonline.cl\/blog\/wp-content\/uploads\/2016\/05\/restriccion-vehicular-hoy-jueves.png\"><img loading='lazy' decoding='async' onerror='gen_methods.imageFailed(this)' loading=\"lazy\" decoding=\"async\" class=\"aligncenter size-full wp-image-15416\" src=\"https:\/\/www.comparaonline.cl\/blog\/wp-content\/uploads\/2016\/05\/restriccion-vehicular-hoy-jueves.png\" alt=\"restriccion vehicular hoy jueves\" width=\"560\" height=\"132\" \/><\/a><\/p>\n<p><a href=\"https:\/\/www.comparaonline.cl\/blog\/wp-content\/uploads\/2016\/05\/restriccion-vehicular-hoy-viernes.png\"><img loading='lazy' decoding='async' onerror='gen_methods.imageFailed(this)' loading=\"lazy\" decoding=\"async\" class=\"aligncenter size-full wp-image-15420\" src=\"https:\/\/www.comparaonline.cl\/blog\/wp-content\/uploads\/2016\/05\/restriccion-vehicular-hoy-viernes.png\" alt=\"restriccion vehicular hoy viernes\" width=\"560\" height=\"132\" \/><\/a><\/p>\n<p>&nbsp;<\/p>\n<p>Existen ciertas <strong>situaciones\u00a0bajo las cuales los veh\u00edculos puede estar exentos de la restricci\u00f3n vehicular para hoy<\/strong>. Algunas de ellas son:<\/p>\n<p>&nbsp;<\/p>\n<p><strong>&#8211;<\/strong> Veh\u00edculos particulares que presten servicio habitual a\u00a0personas que\u00a0padezcan enfermedades y que su condici\u00f3n requiera presentarse con regularidad en un centro de salud. El pasajero debe llevar consigo el certificado del\u00a0m\u00e9dico tratante o del centro de salud respectivo.<\/p>\n<p>&nbsp;<\/p>\n<p><strong>&#8211;\u00a0<\/strong>Los autos particulares que representen el \u00fanico medio de transporte\u00a0para una persona con discapacidad. Tambi\u00e9n debe contar con su respectiva certificaci\u00f3n.<\/p>\n<p>&nbsp;<\/p>\n<p><strong>&#8211;<\/strong>\u00a0Veh\u00edculos a gas que cumplan con el D. S. N\u00b0 55\/98, del Ministerio de Transportes \u00a0y Telecomunicaciones. Deben contar con revisi\u00f3n \u00a0t\u00e9cnica \u00a0que autorice tu\u00a0circulaci\u00f3n \u00a0con ese tipo de combustible.<\/p>\n<p>&nbsp;<\/p>\n<p><strong>&#8211;\u00a0<\/strong>Veh\u00edculos con motor el\u00e9ctrico puro o h\u00edbridos.<\/p>\n<p>&nbsp;<\/p>\n<p>En caso que requieras acogerte a alguna de las tres primeras exenciones, deber\u00e1s solicitar la debida autorizaci\u00f3n a la Secretar\u00eda Regional Ministerial.<\/p>\n","protected":false},"excerpt":{"rendered":"<p>Encuentra la restricci\u00f3n vehicular para hoy seg\u00fan el d\u00eda de la semana y el n\u00famero en el que termina tu patente. Ten en cuenta que el\u00a0horario de la restricci\u00f3n vehicular para hoy inicia desde las 7:30 en la ma\u00f1ana y termina a las 21:00 horas para veh\u00edculos particulares.<\/p>\n","protected":false},"author":45,"featured_media":15427,"comment_status":"open","ping_status":"open","sticky":false,"template":"","format":"standard","meta":{"footnotes":""},"categories":[1277],"tags":[],"class_list":["post-15415","post","type-post","status-publish","format-standard","has-post-thumbnail","hentry","category-seguro-automotriz"],"yoast_head":"<!-- This site is optimized with the Yoast SEO plugin v26.9 - https:\/\/yoast.com\/product\/yoast-seo-wordpress\/ -->\n<title>Restricci\u00f3n vehicular para hoy<\/title>\n<meta name=\"description\" content=\"Esta es la restricci\u00f3n vehicular para hoy. No te expongas a multas y ayudemos a tener un ambiente m\u00e1s sano y menos congestionado.\" \/>\n<meta name=\"robots\" content=\"index, follow, max-snippet:-1, max-image-preview:large, max-video-preview:-1\" \/>\n<link rel=\"canonical\" href=\"https:\/\/www.comparaonline.cl\/blog\/autos\/seguro-automotriz\/restriccion-vehicular-para-hoy\/\" \/>\n<meta property=\"og:locale\" content=\"es_ES\" \/>\n<meta property=\"og:type\" content=\"article\" \/>\n<meta property=\"og:title\" content=\"Restricci\u00f3n vehicular para hoy\" \/>\n<meta property=\"og:description\" content=\"Esta es la restricci\u00f3n vehicular para hoy. No te expongas a multas y ayudemos a tener un ambiente m\u00e1s sano y menos congestionado.\" \/>\n<meta property=\"og:url\" content=\"https:\/\/www.comparaonline.cl\/blog\/autos\/seguro-automotriz\/restriccion-vehicular-para-hoy\/\" \/>\n<meta property=\"og:site_name\" content=\"ComparaOnline\" \/>\n<meta property=\"article:publisher\" content=\"https:\/\/www.facebook.com\/comparachile\/\" \/>\n<meta property=\"article:published_time\" content=\"2016-05-13T14:52:08+00:00\" \/>\n<meta property=\"article:modified_time\" content=\"2016-10-17T15:12:31+00:00\" \/>\n<meta property=\"og:image\" content=\"https:\/\/www.comparaonline.cl\/blog-statics\/cl\/uploads\/2016\/05\/restriccion-vehicular-para-hoy.png\" \/>\n\t<meta property=\"og:image:width\" content=\"640\" \/>\n\t<meta property=\"og:image:height\" content=\"427\" \/>\n\t<meta property=\"og:image:type\" content=\"image\/png\" \/>\n<meta name=\"author\" content=\"Clara Escobar\" \/>\n<meta name=\"twitter:card\" content=\"summary_large_image\" \/>\n<meta name=\"twitter:creator\" content=\"@compara_chile\" \/>\n<meta name=\"twitter:site\" content=\"@compara_chile\" \/>\n<meta name=\"twitter:label1\" content=\"Escrito por\" \/>\n\t<meta name=\"twitter:data1\" content=\"Clara Escobar\" \/>\n\t<meta name=\"twitter:label2\" content=\"Tiempo estimado de lectura\" \/>\n\t<meta name=\"twitter:data2\" content=\"2 minutos\" \/>\n<script type=\"application\/ld+json\" class=\"yoast-schema-graph\">{\"@context\":\"https:\/\/schema.org\",\"@graph\":[{\"@type\":\"Article\",\"@id\":\"https:\/\/www.comparaonline.cl\/blog\/autos\/seguro-automotriz\/restriccion-vehicular-para-hoy\/#article\",\"isPartOf\":{\"@id\":\"https:\/\/www.comparaonline.cl\/blog\/autos\/seguro-automotriz\/restriccion-vehicular-para-hoy\/\"},\"author\":{\"name\":\"Clara Escobar\",\"@id\":\"https:\/\/www.comparaonline.cl\/blog\/#\/schema\/person\/2f605442e15d63553e57ec9ee4b9a51f\"},\"headline\":\"Restricci\u00f3n vehicular para hoy\",\"datePublished\":\"2016-05-13T14:52:08+00:00\",\"dateModified\":\"2016-10-17T15:12:31+00:00\",\"mainEntityOfPage\":{\"@id\":\"https:\/\/www.comparaonline.cl\/blog\/autos\/seguro-automotriz\/restriccion-vehicular-para-hoy\/\"},\"wordCount\":307,\"commentCount\":0,\"publisher\":{\"@id\":\"https:\/\/www.comparaonline.cl\/blog\/#organization\"},\"image\":{\"@id\":\"https:\/\/www.comparaonline.cl\/blog\/autos\/seguro-automotriz\/restriccion-vehicular-para-hoy\/#primaryimage\"},\"thumbnailUrl\":\"https:\/\/www.comparaonline.cl\/blog-statics\/cl\/uploads\/2016\/05\/restriccion-vehicular-para-hoy.png\",\"articleSection\":[\"Seguro Automotriz\"],\"inLanguage\":\"es-CL\",\"potentialAction\":[{\"@type\":\"CommentAction\",\"name\":\"Comment\",\"target\":[\"https:\/\/www.comparaonline.cl\/blog\/autos\/seguro-automotriz\/restriccion-vehicular-para-hoy\/#respond\"]}]},{\"@type\":\"WebPage\",\"@id\":\"https:\/\/www.comparaonline.cl\/blog\/autos\/seguro-automotriz\/restriccion-vehicular-para-hoy\/\",\"url\":\"https:\/\/www.comparaonline.cl\/blog\/autos\/seguro-automotriz\/restriccion-vehicular-para-hoy\/\",\"name\":\"Restricci\u00f3n vehicular para hoy\",\"isPartOf\":{\"@id\":\"https:\/\/www.comparaonline.cl\/blog\/#website\"},\"primaryImageOfPage\":{\"@id\":\"https:\/\/www.comparaonline.cl\/blog\/autos\/seguro-automotriz\/restriccion-vehicular-para-hoy\/#primaryimage\"},\"image\":{\"@id\":\"https:\/\/www.comparaonline.cl\/blog\/autos\/seguro-automotriz\/restriccion-vehicular-para-hoy\/#primaryimage\"},\"thumbnailUrl\":\"https:\/\/www.comparaonline.cl\/blog-statics\/cl\/uploads\/2016\/05\/restriccion-vehicular-para-hoy.png\",\"datePublished\":\"2016-05-13T14:52:08+00:00\",\"dateModified\":\"2016-10-17T15:12:31+00:00\",\"description\":\"Esta es la restricci\u00f3n vehicular para hoy. No te expongas a multas y ayudemos a tener un ambiente m\u00e1s sano y menos congestionado.\",\"inLanguage\":\"es-CL\",\"potentialAction\":[{\"@type\":\"ReadAction\",\"target\":[\"https:\/\/www.comparaonline.cl\/blog\/autos\/seguro-automotriz\/restriccion-vehicular-para-hoy\/\"]}]},{\"@type\":\"ImageObject\",\"inLanguage\":\"es-CL\",\"@id\":\"https:\/\/www.comparaonline.cl\/blog\/autos\/seguro-automotriz\/restriccion-vehicular-para-hoy\/#primaryimage\",\"url\":\"https:\/\/www.comparaonline.cl\/blog-statics\/cl\/uploads\/2016\/05\/restriccion-vehicular-para-hoy.png\",\"contentUrl\":\"https:\/\/www.comparaonline.cl\/blog-statics\/cl\/uploads\/2016\/05\/restriccion-vehicular-para-hoy.png\",\"width\":640,\"height\":427,\"caption\":\"restriccion vehicular para hoy\"},{\"@type\":\"WebSite\",\"@id\":\"https:\/\/www.comparaonline.cl\/blog\/#website\",\"url\":\"https:\/\/www.comparaonline.cl\/blog\/\",\"name\":\"ComparaOnline\",\"description\":\"Todo lo que necesitas saber sobre seguros y productos financieros\",\"publisher\":{\"@id\":\"https:\/\/www.comparaonline.cl\/blog\/#organization\"},\"potentialAction\":[{\"@type\":\"SearchAction\",\"target\":{\"@type\":\"EntryPoint\",\"urlTemplate\":\"https:\/\/www.comparaonline.cl\/blog\/?s={search_term_string}\"},\"query-input\":{\"@type\":\"PropertyValueSpecification\",\"valueRequired\":true,\"valueName\":\"search_term_string\"}}],\"inLanguage\":\"es-CL\"},{\"@type\":\"Organization\",\"@id\":\"https:\/\/www.comparaonline.cl\/blog\/#organization\",\"name\":\"Compara\",\"url\":\"https:\/\/www.comparaonline.cl\/blog\/\",\"logo\":{\"@type\":\"ImageObject\",\"inLanguage\":\"es-CL\",\"@id\":\"https:\/\/www.comparaonline.cl\/blog\/#\/schema\/logo\/image\/\",\"url\":\"https:\/\/www.comparaonline.cl\/blog-statics\/cl\/uploads\/2020\/02\/15814375758341.png\",\"contentUrl\":\"https:\/\/www.comparaonline.cl\/blog-statics\/cl\/uploads\/2020\/02\/15814375758341.png\",\"width\":161,\"height\":35,\"caption\":\"Compara\"},\"image\":{\"@id\":\"https:\/\/www.comparaonline.cl\/blog\/#\/schema\/logo\/image\/\"},\"sameAs\":[\"https:\/\/www.facebook.com\/comparachile\/\",\"https:\/\/x.com\/compara_chile\",\"https:\/\/www.instagram.com\/compara_chile\/\",\"https:\/\/www.linkedin.com\/company\/compara\/\",\"http:\/\/www.youtube.com\/c\/ComparaChile\"]},{\"@type\":\"Person\",\"@id\":\"https:\/\/www.comparaonline.cl\/blog\/#\/schema\/person\/2f605442e15d63553e57ec9ee4b9a51f\",\"name\":\"Clara Escobar\",\"image\":{\"@type\":\"ImageObject\",\"inLanguage\":\"es-CL\",\"@id\":\"https:\/\/www.comparaonline.cl\/blog\/#\/schema\/person\/image\/\",\"url\":\"https:\/\/www.comparaonline.cl\/blog-statics\/cl\/uploads\/2020\/02\/Clara-Escobar.jpg\",\"contentUrl\":\"https:\/\/www.comparaonline.cl\/blog-statics\/cl\/uploads\/2020\/02\/Clara-Escobar.jpg\",\"caption\":\"Clara Escobar\"},\"description\":\"Soy periodista y especialista en seguros, sobretodo si tienen que ver con el mundo automotriz. Los autos me gustan desde siempre y, por lo mismo estoy atenta a su mantenimiento y a las coberturas a considerar.\",\"sameAs\":[\"http:\/\/esteesunusuario.ge\/nerico\"],\"url\":\"https:\/\/www.comparaonline.cl\/blog\/author\/clara-escobar\/\"}]}<\/script>\n<!-- \/ Yoast SEO plugin. -->","yoast_head_json":{"title":"Restricci\u00f3n vehicular para hoy","description":"Esta es la restricci\u00f3n vehicular para hoy. No te expongas a multas y ayudemos a tener un ambiente m\u00e1s sano y menos congestionado.","robots":{"index":"index","follow":"follow","max-snippet":"max-snippet:-1","max-image-preview":"max-image-preview:large","max-video-preview":"max-video-preview:-1"},"canonical":"https:\/\/www.comparaonline.cl\/blog\/autos\/seguro-automotriz\/restriccion-vehicular-para-hoy\/","og_locale":"es_ES","og_type":"article","og_title":"Restricci\u00f3n vehicular para hoy","og_description":"Esta es la restricci\u00f3n vehicular para hoy. No te expongas a multas y ayudemos a tener un ambiente m\u00e1s sano y menos congestionado.","og_url":"https:\/\/www.comparaonline.cl\/blog\/autos\/seguro-automotriz\/restriccion-vehicular-para-hoy\/","og_site_name":"ComparaOnline","article_publisher":"https:\/\/www.facebook.com\/comparachile\/","article_published_time":"2016-05-13T14:52:08+00:00","article_modified_time":"2016-10-17T15:12:31+00:00","og_image":[{"width":640,"height":427,"url":"https:\/\/www.comparaonline.cl\/blog-statics\/cl\/uploads\/2016\/05\/restriccion-vehicular-para-hoy.png","type":"image\/png"}],"author":"Clara Escobar","twitter_card":"summary_large_image","twitter_creator":"@compara_chile","twitter_site":"@compara_chile","twitter_misc":{"Escrito por":"Clara Escobar","Tiempo estimado de lectura":"2 minutos"},"schema":{"@context":"https:\/\/schema.org","@graph":[{"@type":"Article","@id":"https:\/\/www.comparaonline.cl\/blog\/autos\/seguro-automotriz\/restriccion-vehicular-para-hoy\/#article","isPartOf":{"@id":"https:\/\/www.comparaonline.cl\/blog\/autos\/seguro-automotriz\/restriccion-vehicular-para-hoy\/"},"author":{"name":"Clara Escobar","@id":"https:\/\/www.comparaonline.cl\/blog\/#\/schema\/person\/2f605442e15d63553e57ec9ee4b9a51f"},"headline":"Restricci\u00f3n vehicular para hoy","datePublished":"2016-05-13T14:52:08+00:00","dateModified":"2016-10-17T15:12:31+00:00","mainEntityOfPage":{"@id":"https:\/\/www.comparaonline.cl\/blog\/autos\/seguro-automotriz\/restriccion-vehicular-para-hoy\/"},"wordCount":307,"commentCount":0,"publisher":{"@id":"https:\/\/www.comparaonline.cl\/blog\/#organization"},"image":{"@id":"https:\/\/www.comparaonline.cl\/blog\/autos\/seguro-automotriz\/restriccion-vehicular-para-hoy\/#primaryimage"},"thumbnailUrl":"https:\/\/www.comparaonline.cl\/blog-statics\/cl\/uploads\/2016\/05\/restriccion-vehicular-para-hoy.png","articleSection":["Seguro Automotriz"],"inLanguage":"es-CL","potentialAction":[{"@type":"CommentAction","name":"Comment","target":["https:\/\/www.comparaonline.cl\/blog\/autos\/seguro-automotriz\/restriccion-vehicular-para-hoy\/#respond"]}]},{"@type":"WebPage","@id":"https:\/\/www.comparaonline.cl\/blog\/autos\/seguro-automotriz\/restriccion-vehicular-para-hoy\/","url":"https:\/\/www.comparaonline.cl\/blog\/autos\/seguro-automotriz\/restriccion-vehicular-para-hoy\/","name":"Restricci\u00f3n vehicular para hoy","isPartOf":{"@id":"https:\/\/www.comparaonline.cl\/blog\/#website"},"primaryImageOfPage":{"@id":"https:\/\/www.comparaonline.cl\/blog\/autos\/seguro-automotriz\/restriccion-vehicular-para-hoy\/#primaryimage"},"image":{"@id":"https:\/\/www.comparaonline.cl\/blog\/autos\/seguro-automotriz\/restriccion-vehicular-para-hoy\/#primaryimage"},"thumbnailUrl":"https:\/\/www.comparaonline.cl\/blog-statics\/cl\/uploads\/2016\/05\/restriccion-vehicular-para-hoy.png","datePublished":"2016-05-13T14:52:08+00:00","dateModified":"2016-10-17T15:12:31+00:00","description":"Esta es la restricci\u00f3n vehicular para hoy. No te expongas a multas y ayudemos a tener un ambiente m\u00e1s sano y menos congestionado.","inLanguage":"es-CL","potentialAction":[{"@type":"ReadAction","target":["https:\/\/www.comparaonline.cl\/blog\/autos\/seguro-automotriz\/restriccion-vehicular-para-hoy\/"]}]},{"@type":"ImageObject","inLanguage":"es-CL","@id":"https:\/\/www.comparaonline.cl\/blog\/autos\/seguro-automotriz\/restriccion-vehicular-para-hoy\/#primaryimage","url":"https:\/\/www.comparaonline.cl\/blog-statics\/cl\/uploads\/2016\/05\/restriccion-vehicular-para-hoy.png","contentUrl":"https:\/\/www.comparaonline.cl\/blog-statics\/cl\/uploads\/2016\/05\/restriccion-vehicular-para-hoy.png","width":640,"height":427,"caption":"restriccion vehicular para hoy"},{"@type":"WebSite","@id":"https:\/\/www.comparaonline.cl\/blog\/#website","url":"https:\/\/www.comparaonline.cl\/blog\/","name":"ComparaOnline","description":"Todo lo que necesitas saber sobre seguros y productos financieros","publisher":{"@id":"https:\/\/www.comparaonline.cl\/blog\/#organization"},"potentialAction":[{"@type":"SearchAction","target":{"@type":"EntryPoint","urlTemplate":"https:\/\/www.comparaonline.cl\/blog\/?s={search_term_string}"},"query-input":{"@type":"PropertyValueSpecification","valueRequired":true,"valueName":"search_term_string"}}],"inLanguage":"es-CL"},{"@type":"Organization","@id":"https:\/\/www.comparaonline.cl\/blog\/#organization","name":"Compara","url":"https:\/\/www.comparaonline.cl\/blog\/","logo":{"@type":"ImageObject","inLanguage":"es-CL","@id":"https:\/\/www.comparaonline.cl\/blog\/#\/schema\/logo\/image\/","url":"https:\/\/www.comparaonline.cl\/blog-statics\/cl\/uploads\/2020\/02\/15814375758341.png","contentUrl":"https:\/\/www.comparaonline.cl\/blog-statics\/cl\/uploads\/2020\/02\/15814375758341.png","width":161,"height":35,"caption":"Compara"},"image":{"@id":"https:\/\/www.comparaonline.cl\/blog\/#\/schema\/logo\/image\/"},"sameAs":["https:\/\/www.facebook.com\/comparachile\/","https:\/\/x.com\/compara_chile","https:\/\/www.instagram.com\/compara_chile\/","https:\/\/www.linkedin.com\/company\/compara\/","http:\/\/www.youtube.com\/c\/ComparaChile"]},{"@type":"Person","@id":"https:\/\/www.comparaonline.cl\/blog\/#\/schema\/person\/2f605442e15d63553e57ec9ee4b9a51f","name":"Clara Escobar","image":{"@type":"ImageObject","inLanguage":"es-CL","@id":"https:\/\/www.comparaonline.cl\/blog\/#\/schema\/person\/image\/","url":"https:\/\/www.comparaonline.cl\/blog-statics\/cl\/uploads\/2020\/02\/Clara-Escobar.jpg","contentUrl":"https:\/\/www.comparaonline.cl\/blog-statics\/cl\/uploads\/2020\/02\/Clara-Escobar.jpg","caption":"Clara Escobar"},"description":"Soy periodista y especialista en seguros, sobretodo si tienen que ver con el mundo automotriz. Los autos me gustan desde siempre y, por lo mismo estoy atenta a su mantenimiento y a las coberturas a considerar.","sameAs":["http:\/\/esteesunusuario.ge\/nerico"],"url":"https:\/\/www.comparaonline.cl\/blog\/author\/clara-escobar\/"}]}},"_links":{"self":[{"href":"https:\/\/www.comparaonline.cl\/blog\/wp-json\/wp\/v2\/posts\/15415","targetHints":{"allow":["GET"]}}],"collection":[{"href":"https:\/\/www.comparaonline.cl\/blog\/wp-json\/wp\/v2\/posts"}],"about":[{"href":"https:\/\/www.comparaonline.cl\/blog\/wp-json\/wp\/v2\/types\/post"}],"author":[{"embeddable":true,"href":"https:\/\/www.comparaonline.cl\/blog\/wp-json\/wp\/v2\/users\/45"}],"replies":[{"embeddable":true,"href":"https:\/\/www.comparaonline.cl\/blog\/wp-json\/wp\/v2\/comments?post=15415"}],"version-history":[{"count":0,"href":"https:\/\/www.comparaonline.cl\/blog\/wp-json\/wp\/v2\/posts\/15415\/revisions"}],"wp:featuredmedia":[{"embeddable":true,"href":"https:\/\/www.comparaonline.cl\/blog\/wp-json\/wp\/v2\/media\/15427"}],"wp:attachment":[{"href":"https:\/\/www.comparaonline.cl\/blog\/wp-json\/wp\/v2\/media?parent=15415"}],"wp:term":[{"taxonomy":"category","embeddable":true,"href":"https:\/\/www.comparaonline.cl\/blog\/wp-json\/wp\/v2\/categories?post=15415"},{"taxonomy":"post_tag","embeddable":true,"href":"https:\/\/www.comparaonline.cl\/blog\/wp-json\/wp\/v2\/tags?post=15415"}],"curies":[{"name":"wp","href":"https:\/\/api.w.org\/{rel}","templated":true}]}}