{"id":15410,"date":"2016-05-13T09:15:03","date_gmt":"2016-05-13T12:15:03","guid":{"rendered":"https:\/\/www.comparaonline.cl\/blog\/?p=15410"},"modified":"2016-10-17T12:12:37","modified_gmt":"2016-10-17T15:12:37","slug":"restriccion-vehicular-permanente-en-invierno-quienes-deben-acatar","status":"publish","type":"post","link":"https:\/\/www.comparaonline.cl\/blog\/autos\/seguro-automotriz\/restriccion-vehicular-permanente-en-invierno-quienes-deben-acatar\/","title":{"rendered":"Restricci\u00f3n Vehicular Permanente en invierno \u00bfQui\u00e9nes deben acatar?"},"content":{"rendered":"<p>El pasado 1 de abril comenz\u00f3 a regir la <b>restricci\u00f3n vehicular<\/b> permanente para los autos sin sello verde, medida que <b>se mantendr\u00e1 durante todo el invierno e incluir\u00e1 a los autos catal\u00edticos con fecha de fabricaci\u00f3n anterior al 2012\u00a0<\/b>que circulen en la provincia de Santiago, adem\u00e1s de las comunas de San Bernardo y Puente Alto.<\/p>\n<p>&nbsp;<\/p>\n<p>El gran cambio se espera para <b>2017 donde se contempla la posibilidad de aplicar la restricci\u00f3n vehicular permanente a los autos con sello verde<\/b>. Esta es la propuesta del anteproyecto Plan de Descontaminaci\u00f3n Atmosf\u00e9rica de Santiago \u201cSantiago Respira\u201d la cual reducir\u00eda en un 80% la emisiones de \u00a0Material Particulado (MP 2,5), gracias a que 340.000 veh\u00edculos dejar\u00edan de circular durante la restricci\u00f3n vehicular permanente, seg\u00fan lo afirm\u00f3 el subsecretario de Medio Ambiente, Marcelo Mena, el pasado 5 de mayo a La Tercera.<\/p>\n<p>&nbsp;<\/p>\n<p>Tener claridad sobre el funcionamiento del a restricci\u00f3n vehicular es de gran importancia si est\u00e1s pensando en comprarte un auto, actualmente tienes uno e incluso si est\u00e1s pensando en cambiarlo por uno nuevo o usado.<\/p>\n<p>&nbsp;<\/p>\n<p><b>\u00bfPor qu\u00e9 la restricci\u00f3n vehicular solo durante el invierno?<\/b><\/p>\n<p>&nbsp;<\/p>\n<p>Se plantea la <b>restricci\u00f3n vehicular permanente durante el invierno ya que entre mayo y agosto se evidencian episodios cr\u00edticos por altas concentraciones<\/b> debido a las condiciones clim\u00e1ticas y mayor probabilidad de que el material contaminante se disperse.<\/p>\n<p>&nbsp;<\/p>\n<p><a class=\"banner-post blog-seguro-auto\" href=\"https:\/\/www.comparaonline.cl\/seguro-automotriz\"><img loading='lazy' decoding='async' onerror='gen_methods.imageFailed(this)' loading=\"lazy\" decoding=\"async\" class=\"aligncenter wp-image-14353 size-full\" src=\"https:\/\/www.comparaonline.cl\/blog\/wp-content\/uploads\/2015\/09\/seguro-automotriz-2.png\" alt=\"Seguro automotriz 2\" width=\"520\" height=\"70\" \/><\/a><\/p>\n<p>&nbsp;<\/p>\n<p><b>\u00bfPor qu\u00e9 se eximen los veh\u00edculos fabricados despu\u00e9s del a\u00f1o 2012?<\/b><\/p>\n<p>&nbsp;<\/p>\n<p>Gracias a la tecnolog\u00eda los autos nuevos generan menos emisiones y pueden llegar a contaminar 10 veces menos que los otros veh\u00edculos. Por esta raz\u00f3n, <b>la propuesta habla de eximir los autos de fabricaci\u00f3n posteriores al a\u00f1o 2012<\/b>.<\/p>\n<p>&nbsp;<\/p>\n<p>Esta medida tambi\u00e9n incentiva la adquisici\u00f3n de autos nuevos que aportar\u00e1n a que el aire en la regi\u00f3n mejore sus condiciones ya que en la actualidad, el tr\u00e1fico de autos livianos produce el 41% de la poluci\u00f3n de la cuenca.<\/p>\n<p>&nbsp;<\/p>\n<p>Por el momento la restricci\u00f3n vehicular permanente est\u00e1 pensada exclusivamente para los autos, sin embargo, <b>se eval\u00faa la posibilidad que las motos tambi\u00e9n sean incluidas<\/b>. Dentro del anteproyecto Santiago Respira tambi\u00e9n est\u00e1n contempladas otras medidas en cuanto a transporte se refiere, como por ejemplo, la exigencia de norma Euro VI a flota del Transantiago y Mayor exigencia en control de emisiones en plantas de revisi\u00f3n t\u00e9cnica.<\/p>\n<p>&nbsp;<\/p>\n<p>Ahora que conoces el funcionamiento actual y los cambios que se esperar\u00e1n en la restricci\u00f3n vehicular permanente para pr\u00f3ximo a\u00f1o, puedes evaluar si optar por un auto que puedas usar el 100% del tiempo es la mejor alternativa, adem\u00e1s de poner tu aporte en la disminuci\u00f3n de emisiones.<\/p>\n<p>&nbsp;<\/p>\n","protected":false},"excerpt":{"rendered":"<p>El pasado 1 de abril comenz\u00f3 a regir la restricci\u00f3n vehicular permanente para los autos sin sello verde, medida que se mantendr\u00e1 durante todo el invierno e incluir\u00e1 a los autos catal\u00edticos con fecha de fabricaci\u00f3n anterior al 2012\u00a0que circulen en la provincia de Santiago, adem\u00e1s de las comunas de San Bernardo y Puente Alto.<\/p>\n","protected":false},"author":45,"featured_media":15411,"comment_status":"open","ping_status":"open","sticky":false,"template":"","format":"standard","meta":{"footnotes":""},"categories":[1277],"tags":[],"class_list":["post-15410","post","type-post","status-publish","format-standard","has-post-thumbnail","hentry","category-seguro-automotriz"],"yoast_head":"<!-- This site is optimized with the Yoast SEO plugin v26.9 - https:\/\/yoast.com\/product\/yoast-seo-wordpress\/ -->\n<title>Restricci\u00f3n Vehicular Permanente en invierno \u00bfQui\u00e9nes deben acatar?<\/title>\n<meta name=\"robots\" content=\"index, follow, max-snippet:-1, max-image-preview:large, max-video-preview:-1\" \/>\n<link rel=\"canonical\" href=\"https:\/\/www.comparaonline.cl\/blog\/autos\/seguro-automotriz\/restriccion-vehicular-permanente-en-invierno-quienes-deben-acatar\/\" \/>\n<meta property=\"og:locale\" content=\"es_ES\" \/>\n<meta property=\"og:type\" content=\"article\" \/>\n<meta property=\"og:title\" content=\"Restricci\u00f3n Vehicular Permanente en invierno \u00bfQui\u00e9nes deben acatar?\" \/>\n<meta property=\"og:description\" content=\"El pasado 1 de abril comenz\u00f3 a regir la restricci\u00f3n vehicular permanente para los autos sin sello verde, medida que se mantendr\u00e1 durante todo el invierno e incluir\u00e1 a los autos catal\u00edticos con fecha de fabricaci\u00f3n anterior al 2012\u00a0que circulen en la provincia de Santiago, adem\u00e1s de las comunas de San Bernardo y Puente Alto.\" \/>\n<meta property=\"og:url\" content=\"https:\/\/www.comparaonline.cl\/blog\/autos\/seguro-automotriz\/restriccion-vehicular-permanente-en-invierno-quienes-deben-acatar\/\" \/>\n<meta property=\"og:site_name\" content=\"ComparaOnline\" \/>\n<meta property=\"article:publisher\" content=\"https:\/\/www.facebook.com\/comparachile\/\" \/>\n<meta property=\"article:published_time\" content=\"2016-05-13T12:15:03+00:00\" \/>\n<meta property=\"article:modified_time\" content=\"2016-10-17T15:12:37+00:00\" \/>\n<meta property=\"og:image\" content=\"https:\/\/www.comparaonline.cl\/blog-statics\/cl\/uploads\/2016\/05\/restriccion-vehicular-permanente.jpg\" \/>\n\t<meta property=\"og:image:width\" content=\"640\" \/>\n\t<meta property=\"og:image:height\" content=\"427\" \/>\n\t<meta property=\"og:image:type\" content=\"image\/jpeg\" \/>\n<meta name=\"author\" content=\"Clara Escobar\" \/>\n<meta name=\"twitter:card\" content=\"summary_large_image\" \/>\n<meta name=\"twitter:creator\" content=\"@compara_chile\" \/>\n<meta name=\"twitter:site\" content=\"@compara_chile\" \/>\n<meta name=\"twitter:label1\" content=\"Escrito por\" \/>\n\t<meta name=\"twitter:data1\" content=\"Clara Escobar\" \/>\n\t<meta name=\"twitter:label2\" content=\"Tiempo estimado de lectura\" \/>\n\t<meta name=\"twitter:data2\" content=\"2 minutos\" \/>\n<script type=\"application\/ld+json\" class=\"yoast-schema-graph\">{\"@context\":\"https:\/\/schema.org\",\"@graph\":[{\"@type\":\"Article\",\"@id\":\"https:\/\/www.comparaonline.cl\/blog\/autos\/seguro-automotriz\/restriccion-vehicular-permanente-en-invierno-quienes-deben-acatar\/#article\",\"isPartOf\":{\"@id\":\"https:\/\/www.comparaonline.cl\/blog\/autos\/seguro-automotriz\/restriccion-vehicular-permanente-en-invierno-quienes-deben-acatar\/\"},\"author\":{\"name\":\"Clara Escobar\",\"@id\":\"https:\/\/www.comparaonline.cl\/blog\/#\/schema\/person\/2f605442e15d63553e57ec9ee4b9a51f\"},\"headline\":\"Restricci\u00f3n Vehicular Permanente en invierno \u00bfQui\u00e9nes deben acatar?\",\"datePublished\":\"2016-05-13T12:15:03+00:00\",\"dateModified\":\"2016-10-17T15:12:37+00:00\",\"mainEntityOfPage\":{\"@id\":\"https:\/\/www.comparaonline.cl\/blog\/autos\/seguro-automotriz\/restriccion-vehicular-permanente-en-invierno-quienes-deben-acatar\/\"},\"wordCount\":477,\"commentCount\":0,\"publisher\":{\"@id\":\"https:\/\/www.comparaonline.cl\/blog\/#organization\"},\"image\":{\"@id\":\"https:\/\/www.comparaonline.cl\/blog\/autos\/seguro-automotriz\/restriccion-vehicular-permanente-en-invierno-quienes-deben-acatar\/#primaryimage\"},\"thumbnailUrl\":\"https:\/\/www.comparaonline.cl\/blog-statics\/cl\/uploads\/2016\/05\/restriccion-vehicular-permanente.jpg\",\"articleSection\":[\"Seguro Automotriz\"],\"inLanguage\":\"es-CL\",\"potentialAction\":[{\"@type\":\"CommentAction\",\"name\":\"Comment\",\"target\":[\"https:\/\/www.comparaonline.cl\/blog\/autos\/seguro-automotriz\/restriccion-vehicular-permanente-en-invierno-quienes-deben-acatar\/#respond\"]}]},{\"@type\":\"WebPage\",\"@id\":\"https:\/\/www.comparaonline.cl\/blog\/autos\/seguro-automotriz\/restriccion-vehicular-permanente-en-invierno-quienes-deben-acatar\/\",\"url\":\"https:\/\/www.comparaonline.cl\/blog\/autos\/seguro-automotriz\/restriccion-vehicular-permanente-en-invierno-quienes-deben-acatar\/\",\"name\":\"Restricci\u00f3n Vehicular Permanente en invierno \u00bfQui\u00e9nes deben acatar?\",\"isPartOf\":{\"@id\":\"https:\/\/www.comparaonline.cl\/blog\/#website\"},\"primaryImageOfPage\":{\"@id\":\"https:\/\/www.comparaonline.cl\/blog\/autos\/seguro-automotriz\/restriccion-vehicular-permanente-en-invierno-quienes-deben-acatar\/#primaryimage\"},\"image\":{\"@id\":\"https:\/\/www.comparaonline.cl\/blog\/autos\/seguro-automotriz\/restriccion-vehicular-permanente-en-invierno-quienes-deben-acatar\/#primaryimage\"},\"thumbnailUrl\":\"https:\/\/www.comparaonline.cl\/blog-statics\/cl\/uploads\/2016\/05\/restriccion-vehicular-permanente.jpg\",\"datePublished\":\"2016-05-13T12:15:03+00:00\",\"dateModified\":\"2016-10-17T15:12:37+00:00\",\"inLanguage\":\"es-CL\",\"potentialAction\":[{\"@type\":\"ReadAction\",\"target\":[\"https:\/\/www.comparaonline.cl\/blog\/autos\/seguro-automotriz\/restriccion-vehicular-permanente-en-invierno-quienes-deben-acatar\/\"]}]},{\"@type\":\"ImageObject\",\"inLanguage\":\"es-CL\",\"@id\":\"https:\/\/www.comparaonline.cl\/blog\/autos\/seguro-automotriz\/restriccion-vehicular-permanente-en-invierno-quienes-deben-acatar\/#primaryimage\",\"url\":\"https:\/\/www.comparaonline.cl\/blog-statics\/cl\/uploads\/2016\/05\/restriccion-vehicular-permanente.jpg\",\"contentUrl\":\"https:\/\/www.comparaonline.cl\/blog-statics\/cl\/uploads\/2016\/05\/restriccion-vehicular-permanente.jpg\",\"width\":640,\"height\":427,\"caption\":\"restriccion vehicular permanente\"},{\"@type\":\"WebSite\",\"@id\":\"https:\/\/www.comparaonline.cl\/blog\/#website\",\"url\":\"https:\/\/www.comparaonline.cl\/blog\/\",\"name\":\"ComparaOnline\",\"description\":\"Todo lo que necesitas saber sobre seguros y productos financieros\",\"publisher\":{\"@id\":\"https:\/\/www.comparaonline.cl\/blog\/#organization\"},\"potentialAction\":[{\"@type\":\"SearchAction\",\"target\":{\"@type\":\"EntryPoint\",\"urlTemplate\":\"https:\/\/www.comparaonline.cl\/blog\/?s={search_term_string}\"},\"query-input\":{\"@type\":\"PropertyValueSpecification\",\"valueRequired\":true,\"valueName\":\"search_term_string\"}}],\"inLanguage\":\"es-CL\"},{\"@type\":\"Organization\",\"@id\":\"https:\/\/www.comparaonline.cl\/blog\/#organization\",\"name\":\"Compara\",\"url\":\"https:\/\/www.comparaonline.cl\/blog\/\",\"logo\":{\"@type\":\"ImageObject\",\"inLanguage\":\"es-CL\",\"@id\":\"https:\/\/www.comparaonline.cl\/blog\/#\/schema\/logo\/image\/\",\"url\":\"https:\/\/www.comparaonline.cl\/blog-statics\/cl\/uploads\/2020\/02\/15814375758341.png\",\"contentUrl\":\"https:\/\/www.comparaonline.cl\/blog-statics\/cl\/uploads\/2020\/02\/15814375758341.png\",\"width\":161,\"height\":35,\"caption\":\"Compara\"},\"image\":{\"@id\":\"https:\/\/www.comparaonline.cl\/blog\/#\/schema\/logo\/image\/\"},\"sameAs\":[\"https:\/\/www.facebook.com\/comparachile\/\",\"https:\/\/x.com\/compara_chile\",\"https:\/\/www.instagram.com\/compara_chile\/\",\"https:\/\/www.linkedin.com\/company\/compara\/\",\"http:\/\/www.youtube.com\/c\/ComparaChile\"]},{\"@type\":\"Person\",\"@id\":\"https:\/\/www.comparaonline.cl\/blog\/#\/schema\/person\/2f605442e15d63553e57ec9ee4b9a51f\",\"name\":\"Clara Escobar\",\"image\":{\"@type\":\"ImageObject\",\"inLanguage\":\"es-CL\",\"@id\":\"https:\/\/www.comparaonline.cl\/blog\/#\/schema\/person\/image\/\",\"url\":\"https:\/\/www.comparaonline.cl\/blog-statics\/cl\/uploads\/2020\/02\/Clara-Escobar.jpg\",\"contentUrl\":\"https:\/\/www.comparaonline.cl\/blog-statics\/cl\/uploads\/2020\/02\/Clara-Escobar.jpg\",\"caption\":\"Clara Escobar\"},\"description\":\"Soy periodista y especialista en seguros, sobretodo si tienen que ver con el mundo automotriz. Los autos me gustan desde siempre y, por lo mismo estoy atenta a su mantenimiento y a las coberturas a considerar.\",\"sameAs\":[\"http:\/\/esteesunusuario.ge\/nerico\"],\"url\":\"https:\/\/www.comparaonline.cl\/blog\/author\/clara-escobar\/\"}]}<\/script>\n<!-- \/ Yoast SEO plugin. -->","yoast_head_json":{"title":"Restricci\u00f3n Vehicular Permanente en invierno \u00bfQui\u00e9nes deben acatar?","robots":{"index":"index","follow":"follow","max-snippet":"max-snippet:-1","max-image-preview":"max-image-preview:large","max-video-preview":"max-video-preview:-1"},"canonical":"https:\/\/www.comparaonline.cl\/blog\/autos\/seguro-automotriz\/restriccion-vehicular-permanente-en-invierno-quienes-deben-acatar\/","og_locale":"es_ES","og_type":"article","og_title":"Restricci\u00f3n Vehicular Permanente en invierno \u00bfQui\u00e9nes deben acatar?","og_description":"El pasado 1 de abril comenz\u00f3 a regir la restricci\u00f3n vehicular permanente para los autos sin sello verde, medida que se mantendr\u00e1 durante todo el invierno e incluir\u00e1 a los autos catal\u00edticos con fecha de fabricaci\u00f3n anterior al 2012\u00a0que circulen en la provincia de Santiago, adem\u00e1s de las comunas de San Bernardo y Puente Alto.","og_url":"https:\/\/www.comparaonline.cl\/blog\/autos\/seguro-automotriz\/restriccion-vehicular-permanente-en-invierno-quienes-deben-acatar\/","og_site_name":"ComparaOnline","article_publisher":"https:\/\/www.facebook.com\/comparachile\/","article_published_time":"2016-05-13T12:15:03+00:00","article_modified_time":"2016-10-17T15:12:37+00:00","og_image":[{"width":640,"height":427,"url":"https:\/\/www.comparaonline.cl\/blog-statics\/cl\/uploads\/2016\/05\/restriccion-vehicular-permanente.jpg","type":"image\/jpeg"}],"author":"Clara Escobar","twitter_card":"summary_large_image","twitter_creator":"@compara_chile","twitter_site":"@compara_chile","twitter_misc":{"Escrito por":"Clara Escobar","Tiempo estimado de lectura":"2 minutos"},"schema":{"@context":"https:\/\/schema.org","@graph":[{"@type":"Article","@id":"https:\/\/www.comparaonline.cl\/blog\/autos\/seguro-automotriz\/restriccion-vehicular-permanente-en-invierno-quienes-deben-acatar\/#article","isPartOf":{"@id":"https:\/\/www.comparaonline.cl\/blog\/autos\/seguro-automotriz\/restriccion-vehicular-permanente-en-invierno-quienes-deben-acatar\/"},"author":{"name":"Clara Escobar","@id":"https:\/\/www.comparaonline.cl\/blog\/#\/schema\/person\/2f605442e15d63553e57ec9ee4b9a51f"},"headline":"Restricci\u00f3n Vehicular Permanente en invierno \u00bfQui\u00e9nes deben acatar?","datePublished":"2016-05-13T12:15:03+00:00","dateModified":"2016-10-17T15:12:37+00:00","mainEntityOfPage":{"@id":"https:\/\/www.comparaonline.cl\/blog\/autos\/seguro-automotriz\/restriccion-vehicular-permanente-en-invierno-quienes-deben-acatar\/"},"wordCount":477,"commentCount":0,"publisher":{"@id":"https:\/\/www.comparaonline.cl\/blog\/#organization"},"image":{"@id":"https:\/\/www.comparaonline.cl\/blog\/autos\/seguro-automotriz\/restriccion-vehicular-permanente-en-invierno-quienes-deben-acatar\/#primaryimage"},"thumbnailUrl":"https:\/\/www.comparaonline.cl\/blog-statics\/cl\/uploads\/2016\/05\/restriccion-vehicular-permanente.jpg","articleSection":["Seguro Automotriz"],"inLanguage":"es-CL","potentialAction":[{"@type":"CommentAction","name":"Comment","target":["https:\/\/www.comparaonline.cl\/blog\/autos\/seguro-automotriz\/restriccion-vehicular-permanente-en-invierno-quienes-deben-acatar\/#respond"]}]},{"@type":"WebPage","@id":"https:\/\/www.comparaonline.cl\/blog\/autos\/seguro-automotriz\/restriccion-vehicular-permanente-en-invierno-quienes-deben-acatar\/","url":"https:\/\/www.comparaonline.cl\/blog\/autos\/seguro-automotriz\/restriccion-vehicular-permanente-en-invierno-quienes-deben-acatar\/","name":"Restricci\u00f3n Vehicular Permanente en invierno \u00bfQui\u00e9nes deben acatar?","isPartOf":{"@id":"https:\/\/www.comparaonline.cl\/blog\/#website"},"primaryImageOfPage":{"@id":"https:\/\/www.comparaonline.cl\/blog\/autos\/seguro-automotriz\/restriccion-vehicular-permanente-en-invierno-quienes-deben-acatar\/#primaryimage"},"image":{"@id":"https:\/\/www.comparaonline.cl\/blog\/autos\/seguro-automotriz\/restriccion-vehicular-permanente-en-invierno-quienes-deben-acatar\/#primaryimage"},"thumbnailUrl":"https:\/\/www.comparaonline.cl\/blog-statics\/cl\/uploads\/2016\/05\/restriccion-vehicular-permanente.jpg","datePublished":"2016-05-13T12:15:03+00:00","dateModified":"2016-10-17T15:12:37+00:00","inLanguage":"es-CL","potentialAction":[{"@type":"ReadAction","target":["https:\/\/www.comparaonline.cl\/blog\/autos\/seguro-automotriz\/restriccion-vehicular-permanente-en-invierno-quienes-deben-acatar\/"]}]},{"@type":"ImageObject","inLanguage":"es-CL","@id":"https:\/\/www.comparaonline.cl\/blog\/autos\/seguro-automotriz\/restriccion-vehicular-permanente-en-invierno-quienes-deben-acatar\/#primaryimage","url":"https:\/\/www.comparaonline.cl\/blog-statics\/cl\/uploads\/2016\/05\/restriccion-vehicular-permanente.jpg","contentUrl":"https:\/\/www.comparaonline.cl\/blog-statics\/cl\/uploads\/2016\/05\/restriccion-vehicular-permanente.jpg","width":640,"height":427,"caption":"restriccion vehicular permanente"},{"@type":"WebSite","@id":"https:\/\/www.comparaonline.cl\/blog\/#website","url":"https:\/\/www.comparaonline.cl\/blog\/","name":"ComparaOnline","description":"Todo lo que necesitas saber sobre seguros y productos financieros","publisher":{"@id":"https:\/\/www.comparaonline.cl\/blog\/#organization"},"potentialAction":[{"@type":"SearchAction","target":{"@type":"EntryPoint","urlTemplate":"https:\/\/www.comparaonline.cl\/blog\/?s={search_term_string}"},"query-input":{"@type":"PropertyValueSpecification","valueRequired":true,"valueName":"search_term_string"}}],"inLanguage":"es-CL"},{"@type":"Organization","@id":"https:\/\/www.comparaonline.cl\/blog\/#organization","name":"Compara","url":"https:\/\/www.comparaonline.cl\/blog\/","logo":{"@type":"ImageObject","inLanguage":"es-CL","@id":"https:\/\/www.comparaonline.cl\/blog\/#\/schema\/logo\/image\/","url":"https:\/\/www.comparaonline.cl\/blog-statics\/cl\/uploads\/2020\/02\/15814375758341.png","contentUrl":"https:\/\/www.comparaonline.cl\/blog-statics\/cl\/uploads\/2020\/02\/15814375758341.png","width":161,"height":35,"caption":"Compara"},"image":{"@id":"https:\/\/www.comparaonline.cl\/blog\/#\/schema\/logo\/image\/"},"sameAs":["https:\/\/www.facebook.com\/comparachile\/","https:\/\/x.com\/compara_chile","https:\/\/www.instagram.com\/compara_chile\/","https:\/\/www.linkedin.com\/company\/compara\/","http:\/\/www.youtube.com\/c\/ComparaChile"]},{"@type":"Person","@id":"https:\/\/www.comparaonline.cl\/blog\/#\/schema\/person\/2f605442e15d63553e57ec9ee4b9a51f","name":"Clara Escobar","image":{"@type":"ImageObject","inLanguage":"es-CL","@id":"https:\/\/www.comparaonline.cl\/blog\/#\/schema\/person\/image\/","url":"https:\/\/www.comparaonline.cl\/blog-statics\/cl\/uploads\/2020\/02\/Clara-Escobar.jpg","contentUrl":"https:\/\/www.comparaonline.cl\/blog-statics\/cl\/uploads\/2020\/02\/Clara-Escobar.jpg","caption":"Clara Escobar"},"description":"Soy periodista y especialista en seguros, sobretodo si tienen que ver con el mundo automotriz. Los autos me gustan desde siempre y, por lo mismo estoy atenta a su mantenimiento y a las coberturas a considerar.","sameAs":["http:\/\/esteesunusuario.ge\/nerico"],"url":"https:\/\/www.comparaonline.cl\/blog\/author\/clara-escobar\/"}]}},"_links":{"self":[{"href":"https:\/\/www.comparaonline.cl\/blog\/wp-json\/wp\/v2\/posts\/15410","targetHints":{"allow":["GET"]}}],"collection":[{"href":"https:\/\/www.comparaonline.cl\/blog\/wp-json\/wp\/v2\/posts"}],"about":[{"href":"https:\/\/www.comparaonline.cl\/blog\/wp-json\/wp\/v2\/types\/post"}],"author":[{"embeddable":true,"href":"https:\/\/www.comparaonline.cl\/blog\/wp-json\/wp\/v2\/users\/45"}],"replies":[{"embeddable":true,"href":"https:\/\/www.comparaonline.cl\/blog\/wp-json\/wp\/v2\/comments?post=15410"}],"version-history":[{"count":0,"href":"https:\/\/www.comparaonline.cl\/blog\/wp-json\/wp\/v2\/posts\/15410\/revisions"}],"wp:featuredmedia":[{"embeddable":true,"href":"https:\/\/www.comparaonline.cl\/blog\/wp-json\/wp\/v2\/media\/15411"}],"wp:attachment":[{"href":"https:\/\/www.comparaonline.cl\/blog\/wp-json\/wp\/v2\/media?parent=15410"}],"wp:term":[{"taxonomy":"category","embeddable":true,"href":"https:\/\/www.comparaonline.cl\/blog\/wp-json\/wp\/v2\/categories?post=15410"},{"taxonomy":"post_tag","embeddable":true,"href":"https:\/\/www.comparaonline.cl\/blog\/wp-json\/wp\/v2\/tags?post=15410"}],"curies":[{"name":"wp","href":"https:\/\/api.w.org\/{rel}","templated":true}]}}