{"id":14969,"date":"2020-10-06T12:47:00","date_gmt":"2020-10-06T15:47:00","guid":{"rendered":"https:\/\/www.comparaonline.cl\/blog\/?p=14969"},"modified":"2021-03-09T11:57:24","modified_gmt":"2021-03-09T14:57:24","slug":"donde-reservar-hora-para-la-revision-tecnica","status":"publish","type":"post","link":"https:\/\/www.comparaonline.cl\/blog\/autos\/seguro-automotriz\/donde-reservar-hora-para-la-revision-tecnica\/","title":{"rendered":"\u00bfD\u00f3nde y c\u00f3mo reservar hora para la revisi\u00f3n t\u00e9cnica?"},"content":{"rendered":"\n<p>Hoy es un buen d\u00eda para reservar hora para la revisi\u00f3n t\u00e9cnica. Ten en consideraci\u00f3n que es importante <strong>hacer esta revisi\u00f3n en el mes que corresponda<\/strong>, luego de eso pueden sancionarte. <a rel=\"noreferrer noopener\" href=\"http:\/\/www.prt.cl\/Paginas\/Calendario.aspx\" target=\"_blank\">Revisa el calendario<\/a> habitual y evita multas. <\/p>\n\n\n\n<p>Actualmente,<strong> con la pandemia, el gobierno hizo algunos ajustes<\/strong> en las fechas. As\u00ed que <a href=\"https:\/\/www.mtt.gob.cl\/calendario-revision-tecnica\" target=\"_blank\" rel=\"noreferrer noopener\">dale una mirada<\/a> antes de sacar turno en una PTR.<\/p>\n\n\n\n<p>De todas formas, en Compara sabemos cu\u00e1n valioso es tu tiempo, as\u00ed que preparamos algunas recomendaciones para que no dejes este tr\u00e1mite para \u00faltima hora. <strong>Algunas Plantas de Revisi\u00f3n T\u00e9cnica (PRTs) te permiten reservar hora para la revisi\u00f3n t\u00e9cnica por internet<\/strong> asegurando menos demoras en el proceso. El tiempo promedio de la revisi\u00f3n es de 18 a 20 minutos dependiendo la planta que elijas. Hoy en d\u00eda, estas son las <a href=\"https:\/\/www.mtt.gob.cl\/wp-content\/uploads\/2020\/09\/Horarios-Plantas-entre-el-7-al-12-de-Septiembre-2020-Actualizado-al-10-09-2020.htm\" target=\"_blank\" rel=\"noreferrer noopener\">plantas abiertas<\/a> en todo el pa\u00eds.<\/p>\n\n\n\n<p>La ventaja de tener hora para la revisi\u00f3n t\u00e9cnica, es que sin importar la afluencia de personas que haya en el momento, solo con informar a los funcionarios te dejan ingresar cumpliendo con tu reserva.<\/p>\n\n\n\n<p>Si por el contrario, quieres acudir directamente sin reservar hora para la revisi\u00f3n t\u00e9cnica, existe una se\u00f1al en vivo por internet. De esta manera, si te encuentras sin panorama, <strong>puedes ingresar y ver en directo la PRT que se encuentre con mayor disponibilidad y dirigirte a ella sin pedir hora<\/strong>. En este caso lo \u00fanico que debes tener en cuenta es el horario de la planta a la que deseas ir.<\/p>\n\n\n\n<p>Estas son algunas de las PRTs en las que puedes agendar tu hora para la revisi\u00f3n t\u00e9cnica en la Regi\u00f3n Metropolitana,<strong> <\/strong>su ubicaci\u00f3n y horario:<\/p>\n\n\n\n<h2 class=\"wp-block-heading\"><strong>San D\u00e1maso (Colina)<\/strong><\/h2>\n\n\n\n<p>Camino a Coquimbo S\/N\u00b0 Chacra El Carmen Parcela N\u00b02, Lote N\u00b0 13. Autos, Camionetas, SW:&nbsp; $9.450 (Convencionales $9.950).<\/p>\n\n\n\n<p>Lunes a viernes de 8:00 a 17:00 y s\u00e1bados de 8:00 a 14:00.<\/p>\n\n\n\n<p><a rel=\"noreferrer noopener nofollow\" href=\"http:\/\/www.sandamaso.cl\/plantas\/planta-colina\/\" target=\"_blank\">Reserva tu hora<\/a>.<\/p>\n\n\n\n<div style=\"height:20px\" aria-hidden=\"true\" class=\"wp-block-spacer\"><\/div>\n\n\n\n<h2 class=\"wp-block-heading\"><strong>San D\u00e1maso (Huechuraba)<\/strong><\/h2>\n\n\n\n<p>Av. Am\u00e9rico Vespucio 191. Autos, Camionetas, SW:&nbsp; $9.450 (Convencionales $9.950).<\/p>\n\n\n\n<p>Lunes a viernes de 7:15 a 20:00 y s\u00e1bados de 8:00 a 14:00.<\/p>\n\n\n\n<p><a href=\"https:\/\/www.sandamaso.cl\/planta\/planta-huechuraba\/\" target=\"_blank\" rel=\"noreferrer noopener nofollow\">Reserva tu hora<\/a>.<\/p>\n\n\n\n<div style=\"height:20px\" aria-hidden=\"true\" class=\"wp-block-spacer\"><\/div>\n\n\n\n<h2 class=\"wp-block-heading\"><strong>T\u00dcV Rheinland (Huechuraba)<\/strong><\/h2>\n\n\n\n<p>Av. Santa Clara 523.<\/p>\n\n\n\n<p>Lunes a s\u00e1bados de 7:30 a 16:30.<\/p>\n\n\n\n<p><a href=\"http:\/\/www.tuv.com\/es\/chile\/servicios_cl\/vehiculos_y_flotas_cl\/inspeccion_vehiculos\/reserve_su_hora\/reserve_su_hora_prt\/info-prt_218946.jsp\" target=\"_blank\" rel=\"noreferrer noopener nofollow\">Reserva tu hora<\/a>.<\/p>\n\n\n\n<div style=\"height:20px\" aria-hidden=\"true\" class=\"wp-block-spacer\"><\/div>\n\n\n\n<h2 class=\"wp-block-heading\"><strong>Systech Chile (Lampa)<\/strong><\/h2>\n\n\n\n<p>Camino El Oto\u00f1o 501.<\/p>\n\n\n\n<p>Lunes a viernes de 8:00 a 18:00 y s\u00e1bados de 8:00 a 13:00.<\/p>\n\n\n\n<p><a href=\"http:\/\/systechchile.cl\/Appointments.aspx\" target=\"_blank\" rel=\"noreferrer noopener nofollow\">Agenda hora para la revisi\u00f3n<\/a>.<\/p>\n\n\n\n<div style=\"height:20px\" aria-hidden=\"true\" class=\"wp-block-spacer\"><\/div>\n\n\n\n<h2 class=\"wp-block-heading\"><strong>T\u00dcV Rheinland (La Florida)<\/strong><\/h2>\n\n\n\n<p>Av. Vicu\u00f1a Mackenna 7955.<\/p>\n\n\n\n<p>Lunes a viernes de 8:00 a 17:00 y s\u00e1bados de 7:30 a 16:30.<\/p>\n\n\n\n<p><a href=\"http:\/\/www.tuv.com\/es\/chile\/servicios_cl\/vehiculos_y_flotas_cl\/inspeccion_vehiculos\/reserve_su_hora\/reserve_su_hora_prt\/info-prt_218951.jsp\" target=\"_blank\" rel=\"noreferrer noopener nofollow\">Reserva tu hora<\/a>.<\/p>\n\n\n\n<div style=\"height:20px\" aria-hidden=\"true\" class=\"wp-block-spacer\"><\/div>\n\n\n\n<h2 class=\"wp-block-heading\"><strong>Applus (La Pintana)<\/strong><\/h2>\n\n\n\n<p>Av. Gabriela 02891.<\/p>\n\n\n\n<p>Lunes a viernes de 9:00 a 17:00 y s\u00e1bados de 8:30 a 16:30.<\/p>\n\n\n\n<p><a href=\"http:\/\/200.29.128.251:8080\/reservas\/interfaz\/zonas.jsp\" target=\"_blank\" rel=\"noreferrer noopener\">Reserva tu hora<\/a>.<\/p>\n\n\n\n<div style=\"height:20px\" aria-hidden=\"true\" class=\"wp-block-spacer\"><\/div>\n\n\n\n<h2 class=\"wp-block-heading\"><strong>T\u00dcV Rheinland (La Pintana)<\/strong><\/h2>\n\n\n\n<p>Av. Gabriela 03470.<\/p>\n\n\n\n<p>Lunes a s\u00e1bado de 7:30 a 16:30.<\/p>\n\n\n\n<p><a href=\"http:\/\/www.tuv.com\/es\/chile\/servicios_cl\/vehiculos_y_flotas_cl\/inspeccion_vehiculos\/reserve_su_hora\/reserve_su_hora_prt\/info-prt_256192.jsp\" target=\"_blank\" rel=\"noreferrer noopener nofollow\">Reserva tu hora<\/a>.<\/p>\n\n\n\n<div style=\"height:20px\" aria-hidden=\"true\" class=\"wp-block-spacer\"><\/div>\n\n\n\n<h2 class=\"wp-block-heading\"><strong>San D\u00e1maso (Maip\u00fa)<\/strong><\/h2>\n\n\n\n<p>Camino a Melipilla 17600, Maip\u00fa. Autos, Camionetas, SW (Sello verde o amarillo): $9.450. Autos, Camionetas , SW (Sin sello o sello rojo): $9.950.<\/p>\n\n\n\n<p>Lunes a viernes de 7:00 a 20:00 y s\u00e1bados de 8:00 a 14:00.<\/p>\n\n\n\n<p><a href=\"http:\/\/sandamaso.cl\/planta\/planta-maipu\/\" target=\"_blank\" rel=\"noreferrer noopener nofollow\">Reserva tu hora<\/a>.<\/p>\n\n\n\n<div style=\"height:20px\" aria-hidden=\"true\" class=\"wp-block-spacer\"><\/div>\n\n\n\n<h2 class=\"wp-block-heading\"><strong>Systech Chile (Melipilla)<\/strong><\/h2>\n\n\n\n<p>Avenida Vicu\u00f1a Mackenna 3276.<\/p>\n\n\n\n<p>Lunes a viernes de 8:00 a 18:00 y s\u00e1bados de 8:00 a 13:00.<\/p>\n\n\n\n<p><a href=\"http:\/\/systechchile.cl\/Appointments.aspx\" target=\"_blank\" rel=\"noreferrer noopener nofollow\">Agenda hora para la revisi\u00f3n<\/a>.<\/p>\n\n\n\n<div style=\"height:20px\" aria-hidden=\"true\" class=\"wp-block-spacer\"><\/div>\n\n\n\n<h2 class=\"wp-block-heading\"><strong>Chilena de Revisiones T\u00e9cnicas (Pe\u00f1alol\u00e9n)<\/strong><\/h2>\n\n\n\n<p>Av. Am\u00e9rico Vespucio 4446.<\/p>\n\n\n\n<p>Lunes a viernes de 9:00 a 18:00 y s\u00e1bados de 7:00 a 16:00.<\/p>\n\n\n\n<p><a href=\"https:\/\/chrt.cl\/planta\/prt-penalolen-chrt-clase-b\/\" target=\"_blank\" rel=\"noreferrer noopener nofollow\">Reserva un turno <em>online<\/em><\/a>.<\/p>\n\n\n\n<div style=\"height:20px\" aria-hidden=\"true\" class=\"wp-block-spacer\"><\/div>\n\n\n\n<h2 class=\"wp-block-heading\"><strong>T\u00dcV Rheinland (Pudahuel)<\/strong><\/h2>\n\n\n\n<p>Av. Am\u00e9rico Vespucio 1393.<\/p>\n\n\n\n<p>Lunes a viernes de 8:00 a 17:00 y s\u00e1bados de 7:30 a 16:30.<\/p>\n\n\n\n<p><a href=\"http:\/\/www.tuv.com\/es\/chile\/servicios_cl\/vehiculos_y_flotas_cl\/inspeccion_vehiculos\/reserve_su_hora\/reserve_su_hora_prt\/info-prt_218949.jsp\" target=\"_blank\" rel=\"noreferrer noopener nofollow\">Reserva tu hora<\/a>.<\/p>\n\n\n\n<div style=\"height:20px\" aria-hidden=\"true\" class=\"wp-block-spacer\"><\/div>\n\n\n\n<h2 class=\"wp-block-heading\"><strong>San D\u00e1maso (Puente Alto)<\/strong><\/h2>\n\n\n\n<p>Av. Eyzaguirre 3649. Autos, Camionetas, SW: $9.500 (Convencional $10.000).<\/p>\n\n\n\n<p>Lunes a viernes de 8:00 a 17:00&nbsp; y s\u00e1bados de 8:00 a 14:00.<\/p>\n\n\n\n<p><a href=\"https:\/\/www.sandamaso.cl\/planta\/planta-eyzaguirre\/\" target=\"_blank\" rel=\"noreferrer noopener nofollow\">Agenda tu hora para la revisi\u00f3n<\/a>.<\/p>\n\n\n\n<div style=\"height:20px\" aria-hidden=\"true\" class=\"wp-block-spacer\"><\/div>\n\n\n\n<h2 class=\"wp-block-heading\"><strong>San D\u00e1maso (Quilicura)<\/strong><\/h2>\n\n\n\n<p>Presidente Eduardo Frei Montalva 9500. Autos, Camionetas, SW:&nbsp; $9.500 (Convencional $10.000).<\/p>\n\n\n\n<p>Lunes a viernes de 8:00 a 17:00 y s\u00e1bados de 8:00 a 14:00.<\/p>\n\n\n\n<p><a href=\"http:\/\/www.sandamaso.cl\/plantas\/planta-quilicura\/\" target=\"_blank\" rel=\"noreferrer noopener nofollow\">Reserva tu hora<\/a>.<\/p>\n\n\n\n<div style=\"height:20px\" aria-hidden=\"true\" class=\"wp-block-spacer\"><\/div>\n\n\n\n<h2 class=\"wp-block-heading\"><strong>T\u00dcV Rheinland (Quilicura)<\/strong><\/h2>\n\n\n\n<p>Ca\u00f1averal 450-500.<\/p>\n\n\n\n<p>Lunes a s\u00e1bado de 7:30 a 16:30.<\/p>\n\n\n\n<p><a href=\"http:\/\/www.tuv.com\/es\/chile\/servicios_cl\/vehiculos_y_flotas_cl\/inspeccion_vehiculos\/reserve_su_hora\/reserve_su_hora_prt\/info-prt_218950.jsp\" target=\"_blank\" rel=\"noreferrer noopener nofollow\">Reserva tu hora<\/a>.<\/p>\n\n\n\n<div style=\"height:20px\" aria-hidden=\"true\" class=\"wp-block-spacer\"><\/div>\n\n\n\n<h2 class=\"wp-block-heading\"><strong>Applus (Quinta Normal)<\/strong><\/h2>\n\n\n\n<p>Avda. Carrascal 5720.<\/p>\n\n\n\n<p>Lunes a s\u00e1bado de 8:00 a 17:00.<\/p>\n\n\n\n<p><a href=\"http:\/\/200.29.128.251:8080\/reservas\/interfaz\/zonas.jsp\" target=\"_blank\" rel=\"noreferrer noopener\">Reserva tu hora<\/a>.<\/p>\n\n\n\n<div style=\"height:20px\" aria-hidden=\"true\" class=\"wp-block-spacer\"><\/div>\n\n\n\n<h2 class=\"wp-block-heading\"><strong>T\u00dcV Rheinland (Recoleta)<\/strong><\/h2>\n\n\n\n<p>Av. Einstein 1010-1026.<\/p>\n\n\n\n<p>Lunes a viernes de 8:00 a 17:00 y s\u00e1bados de 7:30 a 16:30.<\/p>\n\n\n\n<p><a href=\"http:\/\/www.tuv.com\/es\/chile\/servicios_cl\/vehiculos_y_flotas_cl\/inspeccion_vehiculos\/reserve_su_hora\/reserve_su_hora_prt\/info-prt_218952.jsp\" target=\"_blank\" rel=\"noreferrer noopener nofollow\">Reserva tu hora<\/a>.<\/p>\n\n\n\n<div style=\"height:20px\" aria-hidden=\"true\" class=\"wp-block-spacer\"><\/div>\n\n\n\n<h2 class=\"wp-block-heading\"><strong>Vival (Renca)<\/strong><\/h2>\n\n\n\n<p>Montevideo 2186.<\/p>\n\n\n\n<p>Lunes a viernes de 8:30 a 17:30 y s\u00e1bados de 8:00 a 16:00.<\/p>\n\n\n\n<p><a href=\"http:\/\/mivalarica.cl\/sistemas\/reserva\/reserva-hora.php\" target=\"_blank\" rel=\"noreferrer noopener nofollow\">Agenda hora para revisi\u00f3n<\/a>.<\/p>\n\n\n\n<div style=\"height:20px\" aria-hidden=\"true\" class=\"wp-block-spacer\"><\/div>\n\n\n\n<h2 class=\"wp-block-heading\"><strong>Mival (San Bernardo)<\/strong><\/h2>\n\n\n\n<p>Camino los Pinos 3105.<\/p>\n\n\n\n<p>Lunes a viernes de 8:30 a 17:30 y s\u00e1bados de 9:00 a 16:00.<\/p>\n\n\n\n<p><a href=\"http:\/\/mivalarica.cl\/sistemas\/reserva\/reserva-hora.php\" target=\"_blank\" rel=\"noreferrer noopener nofollow\">Reserva tu h<\/a><a rel='noreferrer noopener nofollow' href=\"https:\/\/www.revisionestecnicas.cl\/sgshr\/sgsreservas.aspx\">ora<\/a>.<\/p>\n\n\n\n<div style=\"height:20px\" aria-hidden=\"true\" class=\"wp-block-spacer\"><\/div>\n\n\n\n<h2 class=\"wp-block-heading\"><strong>T\u00dcV Rheinland (San Joaqu\u00edn)<\/strong><\/h2>\n\n\n\n<p>Av. Presidente Salvador Allende 143.<\/p>\n\n\n\n<p>Lunes a viernes de 8:00 a 17:00 y s\u00e1bados de 7:30 a 16:30.<\/p>\n\n\n\n<p><a href=\"http:\/\/www.tuv.com\/es\/chile\/servicios_cl\/vehiculos_y_flotas_cl\/inspeccion_vehiculos\/reserve_su_hora\/reserve_su_hora_prt\/info-prt_225667.jsp\" target=\"_blank\" rel=\"noreferrer noopener nofollow\">Reserva tu hora<\/a>.<\/p>\n\n\n\n<div style=\"height:20px\" aria-hidden=\"true\" class=\"wp-block-spacer\"><\/div>\n\n\n\n<h2 class=\"wp-block-heading\"><strong>Applus (San Ram\u00f3n)<\/strong><\/h2>\n\n\n\n<p>Avda. Am\u00e9rico Vespucio 1460.<\/p>\n\n\n\n<p>Lunes a s\u00e1bado de 8:00 a 17:00.<\/p>\n\n\n\n<p><a href=\"http:\/\/200.29.128.251:8080\/reservas\/interfaz\/zonas.jsp\" target=\"_blank\" rel=\"noreferrer noopener\">Reserva tu hora<\/a>.<\/p>\n\n\n\n<div style=\"height:20px\" aria-hidden=\"true\" class=\"wp-block-spacer\"><\/div>\n\n\n\n<h2 class=\"wp-block-heading\"><strong>Documentos necesarios para la revisi\u00f3n t\u00e9cnica<\/strong><\/h2>\n\n\n\n<p>Luego de seleccionar d\u00f3nde vas a reservar hora para la revisi\u00f3n t\u00e9cnica, prepara estos documentos que tienes que presentar:<\/p>\n\n\n\n<ul class=\"wp-block-list\"><li>Revisi\u00f3n t\u00e9cnica anterior u homologaci\u00f3n (si es nuevo).<\/li><li>Certificado de contaminantes.<\/li><li><a href=\"https:\/\/www.comparaonline.cl\/blog\/autos\/soap\/permiso-de-circulacion-2016-requisitos-precios-y-sitios-recomendados\/\">Permiso de circulaci\u00f3n<\/a>.<\/li><li>Inscripci\u00f3n en registro de veh\u00edculos motorizados (Padr\u00f3n).<\/li><\/ul>\n\n\n\n<p>Es importante que consideres cu\u00e1les son <a href=\"https:\/\/www.comparaonline.cl\/blog\/finanzas\/credito-automotriz\/revision-tecnica-las-fallas-mas-comunes-de-los-autos-en-chile\/\">las fallas m\u00e1s comunes de los autos en Chile<\/a>, de esa forma si sabes que tu veh\u00edculo tiene alguna, arr\u00e9glalo antes de ir a la revisi\u00f3n.&nbsp;<\/p>\n\n\n\n<p>Adem\u00e1s te sugerimos que est\u00e9s al tanto sobre <a href=\"https:\/\/www.comparaonline.cl\/blog\/autos\/soap\/revision-tecnica-de-tu-auto-como-pasarla-sin-problemas\/\">c\u00f3mo pasar la revisi\u00f3n t\u00e9cnica exitosamente<\/a>. Si tu veh\u00edculo est\u00e1 en buenas condiciones tambi\u00e9n es un diferencial al momento de contratar un <a href=\"https:\/\/www.comparaonline.cl\/seguro-automotriz\"><strong>Seguro Automotriz<\/strong><\/a>.<\/p>\n\n\n\n<cta :destino=\"'seguro-auto'\" :pais=\"'cl'\" :estilo=\"'extendido'\" :fondo=\"'azul'\" class=\"wp-block-compara-cta\"><\/cta>\n","protected":false},"excerpt":{"rendered":"<p>Ingresa r\u00e1pidamente al centro de tu conveniencia para obtener un turno.<\/p>\n","protected":false},"author":48,"featured_media":20113,"comment_status":"open","ping_status":"open","sticky":false,"template":"","format":"standard","meta":{"footnotes":""},"categories":[1277],"tags":[1296],"class_list":["post-14969","post","type-post","status-publish","format-standard","has-post-thumbnail","hentry","category-seguro-automotriz","tag-actualidad"],"yoast_head":"<!-- This site is optimized with the Yoast SEO plugin v26.9 - https:\/\/yoast.com\/product\/yoast-seo-wordpress\/ -->\n<title>\u00bfC\u00f3mo sacar hora para la revisi\u00f3n t\u00e9cnica? - ComparaOnline<\/title>\n<meta name=\"description\" content=\"Reserva hora para la revisi\u00f3n t\u00e9cnica en la Regi\u00f3n Metropolitana. Seg\u00fan el n\u00famero en que finaliza tu patente, es el mes en el que debes hacer la revisi\u00f3n.\" \/>\n<meta name=\"robots\" content=\"index, follow, max-snippet:-1, max-image-preview:large, max-video-preview:-1\" \/>\n<link rel=\"canonical\" href=\"https:\/\/www.comparaonline.cl\/blog\/autos\/seguro-automotriz\/donde-reservar-hora-para-la-revision-tecnica\/\" \/>\n<meta property=\"og:locale\" content=\"es_ES\" \/>\n<meta property=\"og:type\" content=\"article\" \/>\n<meta property=\"og:title\" content=\"\u00bfC\u00f3mo sacar hora para la revisi\u00f3n t\u00e9cnica? - ComparaOnline\" \/>\n<meta property=\"og:description\" content=\"Reserva hora para la revisi\u00f3n t\u00e9cnica en la Regi\u00f3n Metropolitana. Seg\u00fan el n\u00famero en que finaliza tu patente, es el mes en el que debes hacer la revisi\u00f3n.\" \/>\n<meta property=\"og:url\" content=\"https:\/\/www.comparaonline.cl\/blog\/autos\/seguro-automotriz\/donde-reservar-hora-para-la-revision-tecnica\/\" \/>\n<meta property=\"og:site_name\" content=\"ComparaOnline\" \/>\n<meta property=\"article:publisher\" content=\"https:\/\/www.facebook.com\/comparachile\/\" \/>\n<meta property=\"article:published_time\" content=\"2020-10-06T15:47:00+00:00\" \/>\n<meta property=\"article:modified_time\" content=\"2021-03-09T14:57:24+00:00\" \/>\n<meta property=\"og:image\" content=\"https:\/\/www.comparaonline.cl\/blog-statics\/cl\/uploads\/2016\/02\/Donde-reservar-hora-para-la-revision-tecnica.jpg\" \/>\n\t<meta property=\"og:image:width\" content=\"600\" \/>\n\t<meta property=\"og:image:height\" content=\"397\" \/>\n\t<meta property=\"og:image:type\" content=\"image\/jpeg\" \/>\n<meta name=\"author\" content=\"Luisa S\u00e1nchez\" \/>\n<meta name=\"twitter:card\" content=\"summary_large_image\" \/>\n<meta name=\"twitter:creator\" content=\"@compara_chile\" \/>\n<meta name=\"twitter:site\" content=\"@compara_chile\" \/>\n<meta name=\"twitter:label1\" content=\"Escrito por\" \/>\n\t<meta name=\"twitter:data1\" content=\"Luisa S\u00e1nchez\" \/>\n\t<meta name=\"twitter:label2\" content=\"Tiempo estimado de lectura\" \/>\n\t<meta name=\"twitter:data2\" content=\"4 minutos\" \/>\n<script type=\"application\/ld+json\" class=\"yoast-schema-graph\">{\"@context\":\"https:\/\/schema.org\",\"@graph\":[{\"@type\":\"Article\",\"@id\":\"https:\/\/www.comparaonline.cl\/blog\/autos\/seguro-automotriz\/donde-reservar-hora-para-la-revision-tecnica\/#article\",\"isPartOf\":{\"@id\":\"https:\/\/www.comparaonline.cl\/blog\/autos\/seguro-automotriz\/donde-reservar-hora-para-la-revision-tecnica\/\"},\"author\":{\"name\":\"Luisa S\u00e1nchez\",\"@id\":\"https:\/\/www.comparaonline.cl\/blog\/#\/schema\/person\/d28db44e5cd11a6d120241c12c7e6ea9\"},\"headline\":\"\u00bfD\u00f3nde y c\u00f3mo reservar hora para la revisi\u00f3n t\u00e9cnica?\",\"datePublished\":\"2020-10-06T15:47:00+00:00\",\"dateModified\":\"2021-03-09T14:57:24+00:00\",\"mainEntityOfPage\":{\"@id\":\"https:\/\/www.comparaonline.cl\/blog\/autos\/seguro-automotriz\/donde-reservar-hora-para-la-revision-tecnica\/\"},\"wordCount\":882,\"commentCount\":1,\"publisher\":{\"@id\":\"https:\/\/www.comparaonline.cl\/blog\/#organization\"},\"image\":{\"@id\":\"https:\/\/www.comparaonline.cl\/blog\/autos\/seguro-automotriz\/donde-reservar-hora-para-la-revision-tecnica\/#primaryimage\"},\"thumbnailUrl\":\"https:\/\/www.comparaonline.cl\/blog-statics\/cl\/uploads\/2016\/02\/Donde-reservar-hora-para-la-revision-tecnica.jpg\",\"keywords\":[\"Actualidad\"],\"articleSection\":[\"Seguro Automotriz\"],\"inLanguage\":\"es-CL\",\"potentialAction\":[{\"@type\":\"CommentAction\",\"name\":\"Comment\",\"target\":[\"https:\/\/www.comparaonline.cl\/blog\/autos\/seguro-automotriz\/donde-reservar-hora-para-la-revision-tecnica\/#respond\"]}]},{\"@type\":\"WebPage\",\"@id\":\"https:\/\/www.comparaonline.cl\/blog\/autos\/seguro-automotriz\/donde-reservar-hora-para-la-revision-tecnica\/\",\"url\":\"https:\/\/www.comparaonline.cl\/blog\/autos\/seguro-automotriz\/donde-reservar-hora-para-la-revision-tecnica\/\",\"name\":\"\u00bfC\u00f3mo sacar hora para la revisi\u00f3n t\u00e9cnica? - ComparaOnline\",\"isPartOf\":{\"@id\":\"https:\/\/www.comparaonline.cl\/blog\/#website\"},\"primaryImageOfPage\":{\"@id\":\"https:\/\/www.comparaonline.cl\/blog\/autos\/seguro-automotriz\/donde-reservar-hora-para-la-revision-tecnica\/#primaryimage\"},\"image\":{\"@id\":\"https:\/\/www.comparaonline.cl\/blog\/autos\/seguro-automotriz\/donde-reservar-hora-para-la-revision-tecnica\/#primaryimage\"},\"thumbnailUrl\":\"https:\/\/www.comparaonline.cl\/blog-statics\/cl\/uploads\/2016\/02\/Donde-reservar-hora-para-la-revision-tecnica.jpg\",\"datePublished\":\"2020-10-06T15:47:00+00:00\",\"dateModified\":\"2021-03-09T14:57:24+00:00\",\"description\":\"Reserva hora para la revisi\u00f3n t\u00e9cnica en la Regi\u00f3n Metropolitana. Seg\u00fan el n\u00famero en que finaliza tu patente, es el mes en el que debes hacer la revisi\u00f3n.\",\"inLanguage\":\"es-CL\",\"potentialAction\":[{\"@type\":\"ReadAction\",\"target\":[\"https:\/\/www.comparaonline.cl\/blog\/autos\/seguro-automotriz\/donde-reservar-hora-para-la-revision-tecnica\/\"]}]},{\"@type\":\"ImageObject\",\"inLanguage\":\"es-CL\",\"@id\":\"https:\/\/www.comparaonline.cl\/blog\/autos\/seguro-automotriz\/donde-reservar-hora-para-la-revision-tecnica\/#primaryimage\",\"url\":\"https:\/\/www.comparaonline.cl\/blog-statics\/cl\/uploads\/2016\/02\/Donde-reservar-hora-para-la-revision-tecnica.jpg\",\"contentUrl\":\"https:\/\/www.comparaonline.cl\/blog-statics\/cl\/uploads\/2016\/02\/Donde-reservar-hora-para-la-revision-tecnica.jpg\",\"width\":600,\"height\":397,\"caption\":\"mujeres haciendo revisi\u00f3n t\u00e9cnica\"},{\"@type\":\"WebSite\",\"@id\":\"https:\/\/www.comparaonline.cl\/blog\/#website\",\"url\":\"https:\/\/www.comparaonline.cl\/blog\/\",\"name\":\"ComparaOnline\",\"description\":\"Todo lo que necesitas saber sobre seguros y productos financieros\",\"publisher\":{\"@id\":\"https:\/\/www.comparaonline.cl\/blog\/#organization\"},\"potentialAction\":[{\"@type\":\"SearchAction\",\"target\":{\"@type\":\"EntryPoint\",\"urlTemplate\":\"https:\/\/www.comparaonline.cl\/blog\/?s={search_term_string}\"},\"query-input\":{\"@type\":\"PropertyValueSpecification\",\"valueRequired\":true,\"valueName\":\"search_term_string\"}}],\"inLanguage\":\"es-CL\"},{\"@type\":\"Organization\",\"@id\":\"https:\/\/www.comparaonline.cl\/blog\/#organization\",\"name\":\"Compara\",\"url\":\"https:\/\/www.comparaonline.cl\/blog\/\",\"logo\":{\"@type\":\"ImageObject\",\"inLanguage\":\"es-CL\",\"@id\":\"https:\/\/www.comparaonline.cl\/blog\/#\/schema\/logo\/image\/\",\"url\":\"https:\/\/www.comparaonline.cl\/blog-statics\/cl\/uploads\/2020\/02\/15814375758341.png\",\"contentUrl\":\"https:\/\/www.comparaonline.cl\/blog-statics\/cl\/uploads\/2020\/02\/15814375758341.png\",\"width\":161,\"height\":35,\"caption\":\"Compara\"},\"image\":{\"@id\":\"https:\/\/www.comparaonline.cl\/blog\/#\/schema\/logo\/image\/\"},\"sameAs\":[\"https:\/\/www.facebook.com\/comparachile\/\",\"https:\/\/x.com\/compara_chile\",\"https:\/\/www.instagram.com\/compara_chile\/\",\"https:\/\/www.linkedin.com\/company\/compara\/\",\"http:\/\/www.youtube.com\/c\/ComparaChile\"]},{\"@type\":\"Person\",\"@id\":\"https:\/\/www.comparaonline.cl\/blog\/#\/schema\/person\/d28db44e5cd11a6d120241c12c7e6ea9\",\"name\":\"Luisa S\u00e1nchez\",\"image\":{\"@type\":\"ImageObject\",\"inLanguage\":\"es-CL\",\"@id\":\"https:\/\/www.comparaonline.cl\/blog\/#\/schema\/person\/image\/\",\"url\":\"https:\/\/www.comparaonline.cl\/blog-statics\/cl\/uploads\/2020\/02\/Luisa-Sanchez.jpg\",\"contentUrl\":\"https:\/\/www.comparaonline.cl\/blog-statics\/cl\/uploads\/2020\/02\/Luisa-Sanchez.jpg\",\"caption\":\"Luisa S\u00e1nchez\"},\"description\":\"Soy dise\u00f1adora gr\u00e1fica especializada en tem\u00e1ticas financieras. Amo viajar y mi experiencia laboral hizo que me acercara al \u00e1rea automotriz. Por esta raz\u00f3n, los seguros de viaje y todo lo que tenga que ver con seguros de veh\u00edculos, son mi especialidad.\",\"url\":\"https:\/\/www.comparaonline.cl\/blog\/author\/luisa-sanchez\/\"}]}<\/script>\n<!-- \/ Yoast SEO plugin. -->","yoast_head_json":{"title":"\u00bfC\u00f3mo sacar hora para la revisi\u00f3n t\u00e9cnica? - ComparaOnline","description":"Reserva hora para la revisi\u00f3n t\u00e9cnica en la Regi\u00f3n Metropolitana. Seg\u00fan el n\u00famero en que finaliza tu patente, es el mes en el que debes hacer la revisi\u00f3n.","robots":{"index":"index","follow":"follow","max-snippet":"max-snippet:-1","max-image-preview":"max-image-preview:large","max-video-preview":"max-video-preview:-1"},"canonical":"https:\/\/www.comparaonline.cl\/blog\/autos\/seguro-automotriz\/donde-reservar-hora-para-la-revision-tecnica\/","og_locale":"es_ES","og_type":"article","og_title":"\u00bfC\u00f3mo sacar hora para la revisi\u00f3n t\u00e9cnica? - ComparaOnline","og_description":"Reserva hora para la revisi\u00f3n t\u00e9cnica en la Regi\u00f3n Metropolitana. Seg\u00fan el n\u00famero en que finaliza tu patente, es el mes en el que debes hacer la revisi\u00f3n.","og_url":"https:\/\/www.comparaonline.cl\/blog\/autos\/seguro-automotriz\/donde-reservar-hora-para-la-revision-tecnica\/","og_site_name":"ComparaOnline","article_publisher":"https:\/\/www.facebook.com\/comparachile\/","article_published_time":"2020-10-06T15:47:00+00:00","article_modified_time":"2021-03-09T14:57:24+00:00","og_image":[{"width":600,"height":397,"url":"https:\/\/www.comparaonline.cl\/blog-statics\/cl\/uploads\/2016\/02\/Donde-reservar-hora-para-la-revision-tecnica.jpg","type":"image\/jpeg"}],"author":"Luisa S\u00e1nchez","twitter_card":"summary_large_image","twitter_creator":"@compara_chile","twitter_site":"@compara_chile","twitter_misc":{"Escrito por":"Luisa S\u00e1nchez","Tiempo estimado de lectura":"4 minutos"},"schema":{"@context":"https:\/\/schema.org","@graph":[{"@type":"Article","@id":"https:\/\/www.comparaonline.cl\/blog\/autos\/seguro-automotriz\/donde-reservar-hora-para-la-revision-tecnica\/#article","isPartOf":{"@id":"https:\/\/www.comparaonline.cl\/blog\/autos\/seguro-automotriz\/donde-reservar-hora-para-la-revision-tecnica\/"},"author":{"name":"Luisa S\u00e1nchez","@id":"https:\/\/www.comparaonline.cl\/blog\/#\/schema\/person\/d28db44e5cd11a6d120241c12c7e6ea9"},"headline":"\u00bfD\u00f3nde y c\u00f3mo reservar hora para la revisi\u00f3n t\u00e9cnica?","datePublished":"2020-10-06T15:47:00+00:00","dateModified":"2021-03-09T14:57:24+00:00","mainEntityOfPage":{"@id":"https:\/\/www.comparaonline.cl\/blog\/autos\/seguro-automotriz\/donde-reservar-hora-para-la-revision-tecnica\/"},"wordCount":882,"commentCount":1,"publisher":{"@id":"https:\/\/www.comparaonline.cl\/blog\/#organization"},"image":{"@id":"https:\/\/www.comparaonline.cl\/blog\/autos\/seguro-automotriz\/donde-reservar-hora-para-la-revision-tecnica\/#primaryimage"},"thumbnailUrl":"https:\/\/www.comparaonline.cl\/blog-statics\/cl\/uploads\/2016\/02\/Donde-reservar-hora-para-la-revision-tecnica.jpg","keywords":["Actualidad"],"articleSection":["Seguro Automotriz"],"inLanguage":"es-CL","potentialAction":[{"@type":"CommentAction","name":"Comment","target":["https:\/\/www.comparaonline.cl\/blog\/autos\/seguro-automotriz\/donde-reservar-hora-para-la-revision-tecnica\/#respond"]}]},{"@type":"WebPage","@id":"https:\/\/www.comparaonline.cl\/blog\/autos\/seguro-automotriz\/donde-reservar-hora-para-la-revision-tecnica\/","url":"https:\/\/www.comparaonline.cl\/blog\/autos\/seguro-automotriz\/donde-reservar-hora-para-la-revision-tecnica\/","name":"\u00bfC\u00f3mo sacar hora para la revisi\u00f3n t\u00e9cnica? - ComparaOnline","isPartOf":{"@id":"https:\/\/www.comparaonline.cl\/blog\/#website"},"primaryImageOfPage":{"@id":"https:\/\/www.comparaonline.cl\/blog\/autos\/seguro-automotriz\/donde-reservar-hora-para-la-revision-tecnica\/#primaryimage"},"image":{"@id":"https:\/\/www.comparaonline.cl\/blog\/autos\/seguro-automotriz\/donde-reservar-hora-para-la-revision-tecnica\/#primaryimage"},"thumbnailUrl":"https:\/\/www.comparaonline.cl\/blog-statics\/cl\/uploads\/2016\/02\/Donde-reservar-hora-para-la-revision-tecnica.jpg","datePublished":"2020-10-06T15:47:00+00:00","dateModified":"2021-03-09T14:57:24+00:00","description":"Reserva hora para la revisi\u00f3n t\u00e9cnica en la Regi\u00f3n Metropolitana. Seg\u00fan el n\u00famero en que finaliza tu patente, es el mes en el que debes hacer la revisi\u00f3n.","inLanguage":"es-CL","potentialAction":[{"@type":"ReadAction","target":["https:\/\/www.comparaonline.cl\/blog\/autos\/seguro-automotriz\/donde-reservar-hora-para-la-revision-tecnica\/"]}]},{"@type":"ImageObject","inLanguage":"es-CL","@id":"https:\/\/www.comparaonline.cl\/blog\/autos\/seguro-automotriz\/donde-reservar-hora-para-la-revision-tecnica\/#primaryimage","url":"https:\/\/www.comparaonline.cl\/blog-statics\/cl\/uploads\/2016\/02\/Donde-reservar-hora-para-la-revision-tecnica.jpg","contentUrl":"https:\/\/www.comparaonline.cl\/blog-statics\/cl\/uploads\/2016\/02\/Donde-reservar-hora-para-la-revision-tecnica.jpg","width":600,"height":397,"caption":"mujeres haciendo revisi\u00f3n t\u00e9cnica"},{"@type":"WebSite","@id":"https:\/\/www.comparaonline.cl\/blog\/#website","url":"https:\/\/www.comparaonline.cl\/blog\/","name":"ComparaOnline","description":"Todo lo que necesitas saber sobre seguros y productos financieros","publisher":{"@id":"https:\/\/www.comparaonline.cl\/blog\/#organization"},"potentialAction":[{"@type":"SearchAction","target":{"@type":"EntryPoint","urlTemplate":"https:\/\/www.comparaonline.cl\/blog\/?s={search_term_string}"},"query-input":{"@type":"PropertyValueSpecification","valueRequired":true,"valueName":"search_term_string"}}],"inLanguage":"es-CL"},{"@type":"Organization","@id":"https:\/\/www.comparaonline.cl\/blog\/#organization","name":"Compara","url":"https:\/\/www.comparaonline.cl\/blog\/","logo":{"@type":"ImageObject","inLanguage":"es-CL","@id":"https:\/\/www.comparaonline.cl\/blog\/#\/schema\/logo\/image\/","url":"https:\/\/www.comparaonline.cl\/blog-statics\/cl\/uploads\/2020\/02\/15814375758341.png","contentUrl":"https:\/\/www.comparaonline.cl\/blog-statics\/cl\/uploads\/2020\/02\/15814375758341.png","width":161,"height":35,"caption":"Compara"},"image":{"@id":"https:\/\/www.comparaonline.cl\/blog\/#\/schema\/logo\/image\/"},"sameAs":["https:\/\/www.facebook.com\/comparachile\/","https:\/\/x.com\/compara_chile","https:\/\/www.instagram.com\/compara_chile\/","https:\/\/www.linkedin.com\/company\/compara\/","http:\/\/www.youtube.com\/c\/ComparaChile"]},{"@type":"Person","@id":"https:\/\/www.comparaonline.cl\/blog\/#\/schema\/person\/d28db44e5cd11a6d120241c12c7e6ea9","name":"Luisa S\u00e1nchez","image":{"@type":"ImageObject","inLanguage":"es-CL","@id":"https:\/\/www.comparaonline.cl\/blog\/#\/schema\/person\/image\/","url":"https:\/\/www.comparaonline.cl\/blog-statics\/cl\/uploads\/2020\/02\/Luisa-Sanchez.jpg","contentUrl":"https:\/\/www.comparaonline.cl\/blog-statics\/cl\/uploads\/2020\/02\/Luisa-Sanchez.jpg","caption":"Luisa S\u00e1nchez"},"description":"Soy dise\u00f1adora gr\u00e1fica especializada en tem\u00e1ticas financieras. Amo viajar y mi experiencia laboral hizo que me acercara al \u00e1rea automotriz. Por esta raz\u00f3n, los seguros de viaje y todo lo que tenga que ver con seguros de veh\u00edculos, son mi especialidad.","url":"https:\/\/www.comparaonline.cl\/blog\/author\/luisa-sanchez\/"}]}},"_links":{"self":[{"href":"https:\/\/www.comparaonline.cl\/blog\/wp-json\/wp\/v2\/posts\/14969","targetHints":{"allow":["GET"]}}],"collection":[{"href":"https:\/\/www.comparaonline.cl\/blog\/wp-json\/wp\/v2\/posts"}],"about":[{"href":"https:\/\/www.comparaonline.cl\/blog\/wp-json\/wp\/v2\/types\/post"}],"author":[{"embeddable":true,"href":"https:\/\/www.comparaonline.cl\/blog\/wp-json\/wp\/v2\/users\/48"}],"replies":[{"embeddable":true,"href":"https:\/\/www.comparaonline.cl\/blog\/wp-json\/wp\/v2\/comments?post=14969"}],"version-history":[{"count":6,"href":"https:\/\/www.comparaonline.cl\/blog\/wp-json\/wp\/v2\/posts\/14969\/revisions"}],"predecessor-version":[{"id":22998,"href":"https:\/\/www.comparaonline.cl\/blog\/wp-json\/wp\/v2\/posts\/14969\/revisions\/22998"}],"wp:featuredmedia":[{"embeddable":true,"href":"https:\/\/www.comparaonline.cl\/blog\/wp-json\/wp\/v2\/media\/20113"}],"wp:attachment":[{"href":"https:\/\/www.comparaonline.cl\/blog\/wp-json\/wp\/v2\/media?parent=14969"}],"wp:term":[{"taxonomy":"category","embeddable":true,"href":"https:\/\/www.comparaonline.cl\/blog\/wp-json\/wp\/v2\/categories?post=14969"},{"taxonomy":"post_tag","embeddable":true,"href":"https:\/\/www.comparaonline.cl\/blog\/wp-json\/wp\/v2\/tags?post=14969"}],"curies":[{"name":"wp","href":"https:\/\/api.w.org\/{rel}","templated":true}]}}