{"id":10450,"date":"2013-06-12T19:11:05","date_gmt":"2013-06-12T19:11:05","guid":{"rendered":"http:\/\/blog.comparaonline.com\/?p=10450"},"modified":"2013-06-12T19:11:05","modified_gmt":"2013-06-12T19:11:05","slug":"algunos-datos-sobre-el-seguro-auto-para-discapacitados","status":"publish","type":"post","link":"https:\/\/www.comparaonline.cl\/blog\/autos\/seguro-automotriz\/algunos-datos-sobre-el-seguro-auto-para-discapacitados\/","title":{"rendered":"Algunos datos sobre el Seguro Auto para Discapacitados"},"content":{"rendered":"<p>Uno de los mayores problemas que presentan las personas con capacidades diferentes es su acceso al <strong><a href=\"https:\/\/www.comparaonline.cl\/seguro-automotriz\" target=\"_blank\">Seguro Auto<\/a><\/strong>. En este art\u00edculo veremos cu\u00e1les son las condiciones que deben reunir las personas discapacitadas para que puedan obtener su seguro auto de forma r\u00e1pida y eficiente, con todas las coberturas necesarias y espec\u00edficas.<\/p>\n<p>Desde el momento mismo de la compra de un auto 0 kil\u00f3metros, el usuario con capacidades diferentes <strong>puede acceder a ciertos descuentos<\/strong> en el valor de su veh\u00edculo, as\u00ed como tambi\u00e9n en el<a title=\"Cotiza tu Seguro Automotriz\" href=\"https:\/\/www.comparaonline.cl\/seguro-automotriz\"><strong> Seguro Automotriz<\/strong><\/a>. En estos casos, es importante que se solicite que el veh\u00edculo sea asegurado con franquicia, para poder acceder a los descuentos correspondientes.<\/p>\n<p>La franquicia para discapacitados se otorga en la misma compa\u00f1\u00eda aseguradora y, en algunos casos, en la concesionaria vendedora del veh\u00edculo. Para conseguirla hay que presentarse con su documento de identidad original junto a un certificado m\u00e9dico de una antig\u00fcedad mayor a 6 meses donde se confirme la discapacidad del pr\u00f3ximo asegurado.<\/p>\n<p>Cuando se tengan estos elementos, se debe acudir al <strong>Registro Nacional de Discapacidad<\/strong> para que se otorgue la autorizaci\u00f3n de franquicia para discapacitados. Estos papeles servir\u00e1n luego a la concesionaria automotriz para expedir todos los certificados correspondientes y a la aseguradora para ofrecer el tipo de cobertura espec\u00edfica al usuario con capacidades diferentes.<\/p>\n<p>Una vez que se ha asegurado el auto con estas cuestiones, la p\u00f3liza cumple con las mismas normas que para un veh\u00edculo convencional: asistencia en ruta, asesoramiento legal en da\u00f1os contra terceros, veh\u00edculos de reposici\u00f3n (si corresponde) y en casos de p\u00f3lizas contra todo riesgo, cobertura en el extranjero, da\u00f1os por vandalismo, cat\u00e1strofes naturales, entre otras.<\/p>\n<p>Todos estos <a title=\"Cotiza tu Seguro de Auto\" href=\"https:\/\/www.comparaonline.cl\/seguro-automotriz\"><strong>Seguros de Auto<\/strong><\/a>\u00a0cuentan con el a\u00f1adido de la <strong>cobertura m\u00e9dica<\/strong> dependiendo de la discapacidad espec\u00edfica de la persona asegurada. Esto puede solicitarse como un adicional a la p\u00f3liza contratada, dependiendo de cu\u00e1les sean las necesidades del asegurado. Como puede verse, las coberturas m\u00e9dicas adicionales tambi\u00e9n influyen en el costo de la prima mensual.<\/p>\n<p>Recuerda que en Compara podr\u00e1s cotizar gratis y sin salir de casa tu<a title=\"Cotiza tu Seguro de Auto\" href=\"https:\/\/www.comparaonline.cl\/seguro-automotriz\"><strong> Seguro Automotriz.<\/strong> <\/a>Compara con nosotros! ahorrar\u00e1s tiempo y dinero!<\/p>\n","protected":false},"excerpt":{"rendered":"<p>Uno de los mayores problemas que presentan las personas con capacidades diferentes es su acceso al Seguro Auto. En este art\u00edculo veremos cu\u00e1les son las condiciones que deben reunir las personas discapacitadas para que puedan obtener su seguro auto de forma r\u00e1pida y eficiente, con todas las coberturas necesarias y espec\u00edficas.<\/p>\n","protected":false},"author":45,"featured_media":10458,"comment_status":"open","ping_status":"open","sticky":false,"template":"","format":"standard","meta":{"footnotes":""},"categories":[1277],"tags":[],"class_list":["post-10450","post","type-post","status-publish","format-standard","has-post-thumbnail","hentry","category-seguro-automotriz"],"yoast_head":"<!-- This site is optimized with the Yoast SEO plugin v26.9 - https:\/\/yoast.com\/product\/yoast-seo-wordpress\/ -->\n<title>Algunos datos sobre el Seguro Auto para Discapacitados - ComparaOnline<\/title>\n<meta name=\"description\" content=\"Un problema que presentan las personas con capacidades diferentes es su acceso al Seguro Auto. Aqu\u00ed veremos c\u00f3mo pueden obtener su p\u00f3liza.\" \/>\n<meta name=\"robots\" content=\"index, follow, max-snippet:-1, max-image-preview:large, max-video-preview:-1\" \/>\n<link rel=\"canonical\" href=\"https:\/\/www.comparaonline.cl\/blog\/autos\/seguro-automotriz\/algunos-datos-sobre-el-seguro-auto-para-discapacitados\/\" \/>\n<meta property=\"og:locale\" content=\"es_ES\" \/>\n<meta property=\"og:type\" content=\"article\" \/>\n<meta property=\"og:title\" content=\"Algunos datos sobre el Seguro Auto para Discapacitados - ComparaOnline\" \/>\n<meta property=\"og:description\" content=\"Un problema que presentan las personas con capacidades diferentes es su acceso al Seguro Auto. Aqu\u00ed veremos c\u00f3mo pueden obtener su p\u00f3liza.\" \/>\n<meta property=\"og:url\" content=\"https:\/\/www.comparaonline.cl\/blog\/autos\/seguro-automotriz\/algunos-datos-sobre-el-seguro-auto-para-discapacitados\/\" \/>\n<meta property=\"og:site_name\" content=\"ComparaOnline\" \/>\n<meta property=\"article:publisher\" content=\"https:\/\/www.facebook.com\/comparachile\/\" \/>\n<meta property=\"article:published_time\" content=\"2013-06-12T19:11:05+00:00\" \/>\n<meta property=\"og:image\" content=\"https:\/\/www.comparaonline.cl\/blog-statics\/cl\/uploads\/2013\/06\/seguro-discapacitados.png\" \/>\n\t<meta property=\"og:image:width\" content=\"435\" \/>\n\t<meta property=\"og:image:height\" content=\"288\" \/>\n\t<meta property=\"og:image:type\" content=\"image\/png\" \/>\n<meta name=\"author\" content=\"Clara Escobar\" \/>\n<meta name=\"twitter:card\" content=\"summary_large_image\" \/>\n<meta name=\"twitter:creator\" content=\"@compara_chile\" \/>\n<meta name=\"twitter:site\" content=\"@compara_chile\" \/>\n<meta name=\"twitter:label1\" content=\"Written by\" \/>\n\t<meta name=\"twitter:data1\" content=\"Clara Escobar\" \/>\n\t<meta name=\"twitter:label2\" content=\"Est. reading time\" \/>\n\t<meta name=\"twitter:data2\" content=\"2 minutos\" \/>\n<script type=\"application\/ld+json\" class=\"yoast-schema-graph\">{\"@context\":\"https:\/\/schema.org\",\"@graph\":[{\"@type\":\"Article\",\"@id\":\"https:\/\/www.comparaonline.cl\/blog\/autos\/seguro-automotriz\/algunos-datos-sobre-el-seguro-auto-para-discapacitados\/#article\",\"isPartOf\":{\"@id\":\"https:\/\/www.comparaonline.cl\/blog\/autos\/seguro-automotriz\/algunos-datos-sobre-el-seguro-auto-para-discapacitados\/\"},\"author\":{\"name\":\"Clara Escobar\",\"@id\":\"https:\/\/www.comparaonline.cl\/blog\/#\/schema\/person\/2f605442e15d63553e57ec9ee4b9a51f\"},\"headline\":\"Algunos datos sobre el Seguro Auto para Discapacitados\",\"datePublished\":\"2013-06-12T19:11:05+00:00\",\"mainEntityOfPage\":{\"@id\":\"https:\/\/www.comparaonline.cl\/blog\/autos\/seguro-automotriz\/algunos-datos-sobre-el-seguro-auto-para-discapacitados\/\"},\"wordCount\":386,\"commentCount\":0,\"publisher\":{\"@id\":\"https:\/\/www.comparaonline.cl\/blog\/#organization\"},\"image\":{\"@id\":\"https:\/\/www.comparaonline.cl\/blog\/autos\/seguro-automotriz\/algunos-datos-sobre-el-seguro-auto-para-discapacitados\/#primaryimage\"},\"thumbnailUrl\":\"https:\/\/www.comparaonline.cl\/blog-statics\/cl\/uploads\/2013\/06\/seguro-discapacitados.png\",\"articleSection\":[\"Seguro Automotriz\"],\"inLanguage\":\"es-CL\",\"potentialAction\":[{\"@type\":\"CommentAction\",\"name\":\"Comment\",\"target\":[\"https:\/\/www.comparaonline.cl\/blog\/autos\/seguro-automotriz\/algunos-datos-sobre-el-seguro-auto-para-discapacitados\/#respond\"]}]},{\"@type\":\"WebPage\",\"@id\":\"https:\/\/www.comparaonline.cl\/blog\/autos\/seguro-automotriz\/algunos-datos-sobre-el-seguro-auto-para-discapacitados\/\",\"url\":\"https:\/\/www.comparaonline.cl\/blog\/autos\/seguro-automotriz\/algunos-datos-sobre-el-seguro-auto-para-discapacitados\/\",\"name\":\"Algunos datos sobre el Seguro Auto para Discapacitados - ComparaOnline\",\"isPartOf\":{\"@id\":\"https:\/\/www.comparaonline.cl\/blog\/#website\"},\"primaryImageOfPage\":{\"@id\":\"https:\/\/www.comparaonline.cl\/blog\/autos\/seguro-automotriz\/algunos-datos-sobre-el-seguro-auto-para-discapacitados\/#primaryimage\"},\"image\":{\"@id\":\"https:\/\/www.comparaonline.cl\/blog\/autos\/seguro-automotriz\/algunos-datos-sobre-el-seguro-auto-para-discapacitados\/#primaryimage\"},\"thumbnailUrl\":\"https:\/\/www.comparaonline.cl\/blog-statics\/cl\/uploads\/2013\/06\/seguro-discapacitados.png\",\"datePublished\":\"2013-06-12T19:11:05+00:00\",\"description\":\"Un problema que presentan las personas con capacidades diferentes es su acceso al Seguro Auto. Aqu\u00ed veremos c\u00f3mo pueden obtener su p\u00f3liza.\",\"inLanguage\":\"es-CL\",\"potentialAction\":[{\"@type\":\"ReadAction\",\"target\":[\"https:\/\/www.comparaonline.cl\/blog\/autos\/seguro-automotriz\/algunos-datos-sobre-el-seguro-auto-para-discapacitados\/\"]}]},{\"@type\":\"ImageObject\",\"inLanguage\":\"es-CL\",\"@id\":\"https:\/\/www.comparaonline.cl\/blog\/autos\/seguro-automotriz\/algunos-datos-sobre-el-seguro-auto-para-discapacitados\/#primaryimage\",\"url\":\"https:\/\/www.comparaonline.cl\/blog-statics\/cl\/uploads\/2013\/06\/seguro-discapacitados.png\",\"contentUrl\":\"https:\/\/www.comparaonline.cl\/blog-statics\/cl\/uploads\/2013\/06\/seguro-discapacitados.png\",\"width\":435,\"height\":288,\"caption\":\"Las personas con capacidades especiales tambi\u00e9n tienen Seguro!\"},{\"@type\":\"WebSite\",\"@id\":\"https:\/\/www.comparaonline.cl\/blog\/#website\",\"url\":\"https:\/\/www.comparaonline.cl\/blog\/\",\"name\":\"ComparaOnline\",\"description\":\"Todo lo que necesitas saber sobre seguros y productos financieros\",\"publisher\":{\"@id\":\"https:\/\/www.comparaonline.cl\/blog\/#organization\"},\"potentialAction\":[{\"@type\":\"SearchAction\",\"target\":{\"@type\":\"EntryPoint\",\"urlTemplate\":\"https:\/\/www.comparaonline.cl\/blog\/?s={search_term_string}\"},\"query-input\":{\"@type\":\"PropertyValueSpecification\",\"valueRequired\":true,\"valueName\":\"search_term_string\"}}],\"inLanguage\":\"es-CL\"},{\"@type\":\"Organization\",\"@id\":\"https:\/\/www.comparaonline.cl\/blog\/#organization\",\"name\":\"Compara\",\"url\":\"https:\/\/www.comparaonline.cl\/blog\/\",\"logo\":{\"@type\":\"ImageObject\",\"inLanguage\":\"es-CL\",\"@id\":\"https:\/\/www.comparaonline.cl\/blog\/#\/schema\/logo\/image\/\",\"url\":\"https:\/\/www.comparaonline.cl\/blog-statics\/cl\/uploads\/2020\/02\/15814375758341.png\",\"contentUrl\":\"https:\/\/www.comparaonline.cl\/blog-statics\/cl\/uploads\/2020\/02\/15814375758341.png\",\"width\":161,\"height\":35,\"caption\":\"Compara\"},\"image\":{\"@id\":\"https:\/\/www.comparaonline.cl\/blog\/#\/schema\/logo\/image\/\"},\"sameAs\":[\"https:\/\/www.facebook.com\/comparachile\/\",\"https:\/\/x.com\/compara_chile\",\"https:\/\/www.instagram.com\/compara_chile\/\",\"https:\/\/www.linkedin.com\/company\/compara\/\",\"http:\/\/www.youtube.com\/c\/ComparaChile\"]},{\"@type\":\"Person\",\"@id\":\"https:\/\/www.comparaonline.cl\/blog\/#\/schema\/person\/2f605442e15d63553e57ec9ee4b9a51f\",\"name\":\"Clara Escobar\",\"image\":{\"@type\":\"ImageObject\",\"inLanguage\":\"es-CL\",\"@id\":\"https:\/\/www.comparaonline.cl\/blog\/#\/schema\/person\/image\/\",\"url\":\"https:\/\/www.comparaonline.cl\/blog-statics\/cl\/uploads\/2020\/02\/Clara-Escobar.jpg\",\"contentUrl\":\"https:\/\/www.comparaonline.cl\/blog-statics\/cl\/uploads\/2020\/02\/Clara-Escobar.jpg\",\"caption\":\"Clara Escobar\"},\"description\":\"Soy periodista y especialista en seguros, sobretodo si tienen que ver con el mundo automotriz. Los autos me gustan desde siempre y, por lo mismo estoy atenta a su mantenimiento y a las coberturas a considerar.\",\"sameAs\":[\"http:\/\/esteesunusuario.ge\/nerico\"],\"url\":\"https:\/\/www.comparaonline.cl\/blog\/author\/clara-escobar\/\"}]}<\/script>\n<!-- \/ Yoast SEO plugin. -->","yoast_head_json":{"title":"Algunos datos sobre el Seguro Auto para Discapacitados - ComparaOnline","description":"Un problema que presentan las personas con capacidades diferentes es su acceso al Seguro Auto. Aqu\u00ed veremos c\u00f3mo pueden obtener su p\u00f3liza.","robots":{"index":"index","follow":"follow","max-snippet":"max-snippet:-1","max-image-preview":"max-image-preview:large","max-video-preview":"max-video-preview:-1"},"canonical":"https:\/\/www.comparaonline.cl\/blog\/autos\/seguro-automotriz\/algunos-datos-sobre-el-seguro-auto-para-discapacitados\/","og_locale":"es_ES","og_type":"article","og_title":"Algunos datos sobre el Seguro Auto para Discapacitados - ComparaOnline","og_description":"Un problema que presentan las personas con capacidades diferentes es su acceso al Seguro Auto. Aqu\u00ed veremos c\u00f3mo pueden obtener su p\u00f3liza.","og_url":"https:\/\/www.comparaonline.cl\/blog\/autos\/seguro-automotriz\/algunos-datos-sobre-el-seguro-auto-para-discapacitados\/","og_site_name":"ComparaOnline","article_publisher":"https:\/\/www.facebook.com\/comparachile\/","article_published_time":"2013-06-12T19:11:05+00:00","og_image":[{"width":435,"height":288,"url":"https:\/\/www.comparaonline.cl\/blog-statics\/cl\/uploads\/2013\/06\/seguro-discapacitados.png","type":"image\/png"}],"author":"Clara Escobar","twitter_card":"summary_large_image","twitter_creator":"@compara_chile","twitter_site":"@compara_chile","twitter_misc":{"Written by":"Clara Escobar","Est. reading time":"2 minutos"},"schema":{"@context":"https:\/\/schema.org","@graph":[{"@type":"Article","@id":"https:\/\/www.comparaonline.cl\/blog\/autos\/seguro-automotriz\/algunos-datos-sobre-el-seguro-auto-para-discapacitados\/#article","isPartOf":{"@id":"https:\/\/www.comparaonline.cl\/blog\/autos\/seguro-automotriz\/algunos-datos-sobre-el-seguro-auto-para-discapacitados\/"},"author":{"name":"Clara Escobar","@id":"https:\/\/www.comparaonline.cl\/blog\/#\/schema\/person\/2f605442e15d63553e57ec9ee4b9a51f"},"headline":"Algunos datos sobre el Seguro Auto para Discapacitados","datePublished":"2013-06-12T19:11:05+00:00","mainEntityOfPage":{"@id":"https:\/\/www.comparaonline.cl\/blog\/autos\/seguro-automotriz\/algunos-datos-sobre-el-seguro-auto-para-discapacitados\/"},"wordCount":386,"commentCount":0,"publisher":{"@id":"https:\/\/www.comparaonline.cl\/blog\/#organization"},"image":{"@id":"https:\/\/www.comparaonline.cl\/blog\/autos\/seguro-automotriz\/algunos-datos-sobre-el-seguro-auto-para-discapacitados\/#primaryimage"},"thumbnailUrl":"https:\/\/www.comparaonline.cl\/blog-statics\/cl\/uploads\/2013\/06\/seguro-discapacitados.png","articleSection":["Seguro Automotriz"],"inLanguage":"es-CL","potentialAction":[{"@type":"CommentAction","name":"Comment","target":["https:\/\/www.comparaonline.cl\/blog\/autos\/seguro-automotriz\/algunos-datos-sobre-el-seguro-auto-para-discapacitados\/#respond"]}]},{"@type":"WebPage","@id":"https:\/\/www.comparaonline.cl\/blog\/autos\/seguro-automotriz\/algunos-datos-sobre-el-seguro-auto-para-discapacitados\/","url":"https:\/\/www.comparaonline.cl\/blog\/autos\/seguro-automotriz\/algunos-datos-sobre-el-seguro-auto-para-discapacitados\/","name":"Algunos datos sobre el Seguro Auto para Discapacitados - ComparaOnline","isPartOf":{"@id":"https:\/\/www.comparaonline.cl\/blog\/#website"},"primaryImageOfPage":{"@id":"https:\/\/www.comparaonline.cl\/blog\/autos\/seguro-automotriz\/algunos-datos-sobre-el-seguro-auto-para-discapacitados\/#primaryimage"},"image":{"@id":"https:\/\/www.comparaonline.cl\/blog\/autos\/seguro-automotriz\/algunos-datos-sobre-el-seguro-auto-para-discapacitados\/#primaryimage"},"thumbnailUrl":"https:\/\/www.comparaonline.cl\/blog-statics\/cl\/uploads\/2013\/06\/seguro-discapacitados.png","datePublished":"2013-06-12T19:11:05+00:00","description":"Un problema que presentan las personas con capacidades diferentes es su acceso al Seguro Auto. Aqu\u00ed veremos c\u00f3mo pueden obtener su p\u00f3liza.","inLanguage":"es-CL","potentialAction":[{"@type":"ReadAction","target":["https:\/\/www.comparaonline.cl\/blog\/autos\/seguro-automotriz\/algunos-datos-sobre-el-seguro-auto-para-discapacitados\/"]}]},{"@type":"ImageObject","inLanguage":"es-CL","@id":"https:\/\/www.comparaonline.cl\/blog\/autos\/seguro-automotriz\/algunos-datos-sobre-el-seguro-auto-para-discapacitados\/#primaryimage","url":"https:\/\/www.comparaonline.cl\/blog-statics\/cl\/uploads\/2013\/06\/seguro-discapacitados.png","contentUrl":"https:\/\/www.comparaonline.cl\/blog-statics\/cl\/uploads\/2013\/06\/seguro-discapacitados.png","width":435,"height":288,"caption":"Las personas con capacidades especiales tambi\u00e9n tienen Seguro!"},{"@type":"WebSite","@id":"https:\/\/www.comparaonline.cl\/blog\/#website","url":"https:\/\/www.comparaonline.cl\/blog\/","name":"ComparaOnline","description":"Todo lo que necesitas saber sobre seguros y productos financieros","publisher":{"@id":"https:\/\/www.comparaonline.cl\/blog\/#organization"},"potentialAction":[{"@type":"SearchAction","target":{"@type":"EntryPoint","urlTemplate":"https:\/\/www.comparaonline.cl\/blog\/?s={search_term_string}"},"query-input":{"@type":"PropertyValueSpecification","valueRequired":true,"valueName":"search_term_string"}}],"inLanguage":"es-CL"},{"@type":"Organization","@id":"https:\/\/www.comparaonline.cl\/blog\/#organization","name":"Compara","url":"https:\/\/www.comparaonline.cl\/blog\/","logo":{"@type":"ImageObject","inLanguage":"es-CL","@id":"https:\/\/www.comparaonline.cl\/blog\/#\/schema\/logo\/image\/","url":"https:\/\/www.comparaonline.cl\/blog-statics\/cl\/uploads\/2020\/02\/15814375758341.png","contentUrl":"https:\/\/www.comparaonline.cl\/blog-statics\/cl\/uploads\/2020\/02\/15814375758341.png","width":161,"height":35,"caption":"Compara"},"image":{"@id":"https:\/\/www.comparaonline.cl\/blog\/#\/schema\/logo\/image\/"},"sameAs":["https:\/\/www.facebook.com\/comparachile\/","https:\/\/x.com\/compara_chile","https:\/\/www.instagram.com\/compara_chile\/","https:\/\/www.linkedin.com\/company\/compara\/","http:\/\/www.youtube.com\/c\/ComparaChile"]},{"@type":"Person","@id":"https:\/\/www.comparaonline.cl\/blog\/#\/schema\/person\/2f605442e15d63553e57ec9ee4b9a51f","name":"Clara Escobar","image":{"@type":"ImageObject","inLanguage":"es-CL","@id":"https:\/\/www.comparaonline.cl\/blog\/#\/schema\/person\/image\/","url":"https:\/\/www.comparaonline.cl\/blog-statics\/cl\/uploads\/2020\/02\/Clara-Escobar.jpg","contentUrl":"https:\/\/www.comparaonline.cl\/blog-statics\/cl\/uploads\/2020\/02\/Clara-Escobar.jpg","caption":"Clara Escobar"},"description":"Soy periodista y especialista en seguros, sobretodo si tienen que ver con el mundo automotriz. Los autos me gustan desde siempre y, por lo mismo estoy atenta a su mantenimiento y a las coberturas a considerar.","sameAs":["http:\/\/esteesunusuario.ge\/nerico"],"url":"https:\/\/www.comparaonline.cl\/blog\/author\/clara-escobar\/"}]}},"_links":{"self":[{"href":"https:\/\/www.comparaonline.cl\/blog\/wp-json\/wp\/v2\/posts\/10450","targetHints":{"allow":["GET"]}}],"collection":[{"href":"https:\/\/www.comparaonline.cl\/blog\/wp-json\/wp\/v2\/posts"}],"about":[{"href":"https:\/\/www.comparaonline.cl\/blog\/wp-json\/wp\/v2\/types\/post"}],"author":[{"embeddable":true,"href":"https:\/\/www.comparaonline.cl\/blog\/wp-json\/wp\/v2\/users\/45"}],"replies":[{"embeddable":true,"href":"https:\/\/www.comparaonline.cl\/blog\/wp-json\/wp\/v2\/comments?post=10450"}],"version-history":[{"count":0,"href":"https:\/\/www.comparaonline.cl\/blog\/wp-json\/wp\/v2\/posts\/10450\/revisions"}],"wp:featuredmedia":[{"embeddable":true,"href":"https:\/\/www.comparaonline.cl\/blog\/wp-json\/wp\/v2\/media\/10458"}],"wp:attachment":[{"href":"https:\/\/www.comparaonline.cl\/blog\/wp-json\/wp\/v2\/media?parent=10450"}],"wp:term":[{"taxonomy":"category","embeddable":true,"href":"https:\/\/www.comparaonline.cl\/blog\/wp-json\/wp\/v2\/categories?post=10450"},{"taxonomy":"post_tag","embeddable":true,"href":"https:\/\/www.comparaonline.cl\/blog\/wp-json\/wp\/v2\/tags?post=10450"}],"curies":[{"name":"wp","href":"https:\/\/api.w.org\/{rel}","templated":true}]}}